{"id":90,"date":"2024-04-09T20:00:51","date_gmt":"2024-04-09T23:00:51","guid":{"rendered":"https:\/\/palconews.com\/?p=90"},"modified":"2024-04-10T19:25:27","modified_gmt":"2024-04-10T22:25:27","slug":"jovem-celebra-aniversario-em-hospital-apos-reacao-alergica-a-pimenta","status":"publish","type":"post","link":"https:\/\/palconews.com\/index.php\/2024\/04\/09\/jovem-celebra-aniversario-em-hospital-apos-reacao-alergica-a-pimenta\/","title":{"rendered":"Jovem Celebra Anivers\u00e1rio em Hospital Ap\u00f3s Rea\u00e7\u00e3o Al\u00e9rgica \u00e0 Pimenta"},"content":{"rendered":"\n<figure class=\"wp-block-image size-full\"><img loading=\"lazy\" decoding=\"async\" width=\"888\" height=\"493\" src=\"https:\/\/palconews.com\/wp-content\/uploads\/2024\/04\/111.webp\" alt=\"\" class=\"wp-image-92\" srcset=\"https:\/\/palconews.com\/wp-content\/uploads\/2024\/04\/111.webp 888w, https:\/\/palconews.com\/wp-content\/uploads\/2024\/04\/111-300x167.webp 300w, https:\/\/palconews.com\/wp-content\/uploads\/2024\/04\/111-768x426.webp 768w\" sizes=\"(max-width: 888px) 100vw, 888px\" \/><\/figure>\n\n\n\n<p>Em um acontecimento que une alegria e supera\u00e7\u00e3o, uma jovem internada por ter tido uma grave rea\u00e7\u00e3o al\u00e9rgica ap\u00f3s cheirar pimenta conseguiu celebrar o anivers\u00e1rio de 9 anos de sua filha no hospital em Goi\u00e2nia. Este evento marca um ponto de luz na recupera\u00e7\u00e3o da m\u00e3e e na vida da pequena Valentina, demonstrando a for\u00e7a da uni\u00e3o familiar e o apoio incondicional da equipe m\u00e9dica.<\/p>\n\n\n\n<p><strong>Celebra\u00e7\u00e3o Especial no Hospital<\/strong><\/p>\n\n\n\n<p>A celebra\u00e7\u00e3o do anivers\u00e1rio de Valentina no Centro Estadual De Reabilita\u00e7\u00e3o e Readapta\u00e7\u00e3o (Crer), onde sua m\u00e3e, Thais Medeiros, est\u00e1 internada, foi um momento cheio de emo\u00e7\u00e3o. A equipe m\u00e9dica, junto \u00e0 fam\u00edlia, organizou uma homenagem com bal\u00f5es, mostrando que o amor e o cuidado podem transformar qualquer ambiente, at\u00e9 mesmo um quarto de hospital, em um local de festa e alegria.<\/p>\n\n\n\n<p><strong>A For\u00e7a da Fam\u00edlia<\/strong><\/p>\n\n\n\n<p>Adriana Medeiros, m\u00e3e de Thais e av\u00f3 de Valentina, expressou sua gratid\u00e3o \u00e0 equipe do Crer pelo apoio e carinho, ressaltando como a presen\u00e7a da fam\u00edlia e a f\u00e9 foram essenciais nesse per\u00edodo desafiador. &#8220;Mesmo voc\u00ea n\u00e3o estando aqui da forma que a gente quer, voc\u00ea est\u00e1 da forma que Deus permitiu&#8221;, disse Adriana, refor\u00e7ando a mensagem de esperan\u00e7a e resili\u00eancia.<\/p>\n\n\n\n<p><strong>Estado de Sa\u00fade da Jovem<\/strong><\/p>\n\n\n\n<p>Thais Medeiros, a jovem internada, vem mostrando sinais de melhora. Desde sua interna\u00e7\u00e3o, ela apresentou sinais preocupantes como muco e sangue nas fezes, o que levou os m\u00e9dicos a investigarem a causa. Felizmente, exames recentes descartaram infec\u00e7\u00f5es e indicaram uma pequena anemia, com previs\u00e3o de alta na pr\u00f3xima semana.<\/p>\n\n\n\n<p><strong>Relembrando o Incidente<\/strong><\/p>\n\n\n\n<p>O incidente que levou Thais \u00e0 interna\u00e7\u00e3o ocorreu ap\u00f3s ela cheirar pimenta durante uma reuni\u00e3o familiar. Uma rea\u00e7\u00e3o al\u00e9rgica severa se seguiu imediatamente, necessitando de cuidados m\u00e9dicos urgentes e resultando em sequelas cerebrais. Este evento serve como um lembrete da gravidade que rea\u00e7\u00f5es al\u00e9rgicas podem ter e a import\u00e2ncia de estar atento a sinais de alerta.<\/p>\n\n\n\n<p>A jovem internada celebra anivers\u00e1rio da filha em um ato de amor e esperan\u00e7a, evidenciando que mesmo nos momentos mais dif\u00edceis, a celebra\u00e7\u00e3o da vida e dos momentos especiais podem trazer conforto e alegria. A recupera\u00e7\u00e3o de Thais e a comemora\u00e7\u00e3o do anivers\u00e1rio de Valentina no hospital s\u00e3o testemunhos da for\u00e7a humana e da capacidade de superar adversidades com o apoio de familiares e profissionais dedicados.<\/p>\n","protected":false},"excerpt":{"rendered":"<p>Em um acontecimento que une alegria e supera\u00e7\u00e3o, uma jovem internada por ter tido uma grave rea\u00e7\u00e3o al\u00e9rgica ap\u00f3s cheirar [&hellip;]<\/p>\n","protected":false},"author":1,"featured_media":92,"comment_status":"open","ping_status":"open","sticky":false,"template":"","format":"standard","meta":{"_uf_show_specific_survey":0,"_uf_disable_surveys":false,"site-sidebar-layout":"default","site-content-layout":"","ast-site-content-layout":"","site-content-style":"default","site-sidebar-style":"default","ast-global-header-display":"","ast-banner-title-visibility":"","ast-main-header-display":"","ast-hfb-above-header-display":"","ast-hfb-below-header-display":"","ast-hfb-mobile-header-display":"","site-post-title":"","ast-breadcrumbs-content":"","ast-featured-img":"","footer-sml-layout":"","theme-transparent-header-meta":"","adv-header-id-meta":"","stick-header-meta":"","header-above-stick-meta":"","header-main-stick-meta":"","header-below-stick-meta":"","astra-migrate-meta-layouts":"default","ast-page-background-enabled":"default","ast-page-background-meta":{"desktop":{"background-color":"var(--ast-global-color-4)","background-image":"","background-repeat":"repeat","background-position":"center center","background-size":"auto","background-attachment":"scroll","background-type":"","background-media":"","overlay-type":"","overlay-color":"","overlay-gradient":""},"tablet":{"background-color":"","background-image":"","background-repeat":"repeat","background-position":"center center","background-size":"auto","background-attachment":"scroll","background-type":"","background-media":"","overlay-type":"","overlay-color":"","overlay-gradient":""},"mobile":{"background-color":"","background-image":"","background-repeat":"repeat","background-position":"center center","background-size":"auto","background-attachment":"scroll","background-type":"","background-media":"","overlay-type":"","overlay-color":"","overlay-gradient":""}},"ast-content-background-meta":{"desktop":{"background-color":"var(--ast-global-color-5)","background-image":"","background-repeat":"repeat","background-position":"center center","background-size":"auto","background-attachment":"scroll","background-type":"","background-media":"","overlay-type":"","overlay-color":"","overlay-gradient":""},"tablet":{"background-color":"var(--ast-global-color-5)","background-image":"","background-repeat":"repeat","background-position":"center center","background-size":"auto","background-attachment":"scroll","background-type":"","background-media":"","overlay-type":"","overlay-color":"","overlay-gradient":""},"mobile":{"background-color":"var(--ast-global-color-5)","background-image":"","background-repeat":"repeat","background-position":"center center","background-size":"auto","background-attachment":"scroll","background-type":"","background-media":"","overlay-type":"","overlay-color":"","overlay-gradient":""}},"footnotes":""},"categories":[7],"tags":[],"yoast_head":"<!-- This site is optimized with the Yoast SEO plugin v22.4 - https:\/\/yoast.com\/wordpress\/plugins\/seo\/ -->\n<title>Jovem Celebra Anivers\u00e1rio em Hospital Ap\u00f3s Rea\u00e7\u00e3o Al\u00e9rgica \u00e0 Pimenta - Palco News<\/title>\n<meta name=\"description\" content=\"Em um momento emocionante, uma jovem internada por rea\u00e7\u00e3o al\u00e9rgica a pimenta celebra o anivers\u00e1rio de 9 anos da filha em hospital. Descubra os detalhes dessa celebra\u00e7\u00e3o tocante.\" \/>\n<meta name=\"robots\" content=\"index, follow, max-snippet:-1, max-image-preview:large, max-video-preview:-1\" \/>\n<link rel=\"canonical\" href=\"https:\/\/palconews.com\/index.php\/2024\/04\/09\/jovem-celebra-aniversario-em-hospital-apos-reacao-alergica-a-pimenta\/\" \/>\n<meta property=\"og:locale\" content=\"pt_BR\" \/>\n<meta property=\"og:type\" content=\"article\" \/>\n<meta property=\"og:title\" content=\"Jovem Celebra Anivers\u00e1rio em Hospital Ap\u00f3s Rea\u00e7\u00e3o Al\u00e9rgica \u00e0 Pimenta - Palco News\" \/>\n<meta property=\"og:description\" content=\"Em um momento emocionante, uma jovem internada por rea\u00e7\u00e3o al\u00e9rgica a pimenta celebra o anivers\u00e1rio de 9 anos da filha em hospital. Descubra os detalhes dessa celebra\u00e7\u00e3o tocante.\" \/>\n<meta property=\"og:url\" content=\"https:\/\/palconews.com\/index.php\/2024\/04\/09\/jovem-celebra-aniversario-em-hospital-apos-reacao-alergica-a-pimenta\/\" \/>\n<meta property=\"og:site_name\" content=\"Palco News\" \/>\n<meta property=\"article:published_time\" content=\"2024-04-09T23:00:51+00:00\" \/>\n<meta property=\"article:modified_time\" content=\"2024-04-10T22:25:27+00:00\" \/>\n<meta property=\"og:image\" content=\"https:\/\/palconews.com\/wp-content\/uploads\/2024\/04\/111.webp\" \/>\n\t<meta property=\"og:image:width\" content=\"888\" \/>\n\t<meta property=\"og:image:height\" content=\"493\" \/>\n\t<meta property=\"og:image:type\" content=\"image\/webp\" \/>\n<meta name=\"author\" content=\"palconews.com\" \/>\n<meta name=\"twitter:card\" content=\"summary_large_image\" \/>\n<meta name=\"twitter:label1\" content=\"Escrito por\" \/>\n\t<meta name=\"twitter:data1\" content=\"palconews.com\" \/>\n\t<meta name=\"twitter:label2\" content=\"Est. tempo de leitura\" \/>\n\t<meta name=\"twitter:data2\" content=\"3 minutos\" \/>\n<script type=\"application\/ld+json\" class=\"yoast-schema-graph\">{\"@context\":\"https:\/\/schema.org\",\"@graph\":[{\"@type\":\"Article\",\"@id\":\"https:\/\/palconews.com\/index.php\/2024\/04\/09\/jovem-celebra-aniversario-em-hospital-apos-reacao-alergica-a-pimenta\/#article\",\"isPartOf\":{\"@id\":\"https:\/\/palconews.com\/index.php\/2024\/04\/09\/jovem-celebra-aniversario-em-hospital-apos-reacao-alergica-a-pimenta\/\"},\"author\":{\"name\":\"palconews.com\",\"@id\":\"https:\/\/palconews.com\/#\/schema\/person\/3b004c18b2c7e435fc7fb435a236bce3\"},\"headline\":\"Jovem Celebra Anivers\u00e1rio em Hospital Ap\u00f3s Rea\u00e7\u00e3o Al\u00e9rgica \u00e0 Pimenta\",\"datePublished\":\"2024-04-09T23:00:51+00:00\",\"dateModified\":\"2024-04-10T22:25:27+00:00\",\"mainEntityOfPage\":{\"@id\":\"https:\/\/palconews.com\/index.php\/2024\/04\/09\/jovem-celebra-aniversario-em-hospital-apos-reacao-alergica-a-pimenta\/\"},\"wordCount\":440,\"commentCount\":0,\"publisher\":{\"@id\":\"https:\/\/palconews.com\/#organization\"},\"image\":{\"@id\":\"https:\/\/palconews.com\/index.php\/2024\/04\/09\/jovem-celebra-aniversario-em-hospital-apos-reacao-alergica-a-pimenta\/#primaryimage\"},\"thumbnailUrl\":\"https:\/\/palconews.com\/wp-content\/uploads\/2024\/04\/111.webp\",\"articleSection\":[\"Brasil\"],\"inLanguage\":\"pt-BR\",\"potentialAction\":[{\"@type\":\"CommentAction\",\"name\":\"Comment\",\"target\":[\"https:\/\/palconews.com\/index.php\/2024\/04\/09\/jovem-celebra-aniversario-em-hospital-apos-reacao-alergica-a-pimenta\/#respond\"]}]},{\"@type\":\"WebPage\",\"@id\":\"https:\/\/palconews.com\/index.php\/2024\/04\/09\/jovem-celebra-aniversario-em-hospital-apos-reacao-alergica-a-pimenta\/\",\"url\":\"https:\/\/palconews.com\/index.php\/2024\/04\/09\/jovem-celebra-aniversario-em-hospital-apos-reacao-alergica-a-pimenta\/\",\"name\":\"Jovem Celebra Anivers\u00e1rio em Hospital Ap\u00f3s Rea\u00e7\u00e3o Al\u00e9rgica \u00e0 Pimenta - Palco News\",\"isPartOf\":{\"@id\":\"https:\/\/palconews.com\/#website\"},\"primaryImageOfPage\":{\"@id\":\"https:\/\/palconews.com\/index.php\/2024\/04\/09\/jovem-celebra-aniversario-em-hospital-apos-reacao-alergica-a-pimenta\/#primaryimage\"},\"image\":{\"@id\":\"https:\/\/palconews.com\/index.php\/2024\/04\/09\/jovem-celebra-aniversario-em-hospital-apos-reacao-alergica-a-pimenta\/#primaryimage\"},\"thumbnailUrl\":\"https:\/\/palconews.com\/wp-content\/uploads\/2024\/04\/111.webp\",\"datePublished\":\"2024-04-09T23:00:51+00:00\",\"dateModified\":\"2024-04-10T22:25:27+00:00\",\"description\":\"Em um momento emocionante, uma jovem internada por rea\u00e7\u00e3o al\u00e9rgica a pimenta celebra o anivers\u00e1rio de 9 anos da filha em hospital. Descubra os detalhes dessa celebra\u00e7\u00e3o tocante.\",\"breadcrumb\":{\"@id\":\"https:\/\/palconews.com\/index.php\/2024\/04\/09\/jovem-celebra-aniversario-em-hospital-apos-reacao-alergica-a-pimenta\/#breadcrumb\"},\"inLanguage\":\"pt-BR\",\"potentialAction\":[{\"@type\":\"ReadAction\",\"target\":[\"https:\/\/palconews.com\/index.php\/2024\/04\/09\/jovem-celebra-aniversario-em-hospital-apos-reacao-alergica-a-pimenta\/\"]}]},{\"@type\":\"ImageObject\",\"inLanguage\":\"pt-BR\",\"@id\":\"https:\/\/palconews.com\/index.php\/2024\/04\/09\/jovem-celebra-aniversario-em-hospital-apos-reacao-alergica-a-pimenta\/#primaryimage\",\"url\":\"https:\/\/palconews.com\/wp-content\/uploads\/2024\/04\/111.webp\",\"contentUrl\":\"https:\/\/palconews.com\/wp-content\/uploads\/2024\/04\/111.webp\",\"width\":888,\"height\":493},{\"@type\":\"BreadcrumbList\",\"@id\":\"https:\/\/palconews.com\/index.php\/2024\/04\/09\/jovem-celebra-aniversario-em-hospital-apos-reacao-alergica-a-pimenta\/#breadcrumb\",\"itemListElement\":[{\"@type\":\"ListItem\",\"position\":1,\"name\":\"Home\",\"item\":\"https:\/\/palconews.com\/\"},{\"@type\":\"ListItem\",\"position\":2,\"name\":\"Jovem Celebra Anivers\u00e1rio em Hospital Ap\u00f3s Rea\u00e7\u00e3o Al\u00e9rgica \u00e0 Pimenta\"}]},{\"@type\":\"WebSite\",\"@id\":\"https:\/\/palconews.com\/#website\",\"url\":\"https:\/\/palconews.com\/\",\"name\":\"Palco News\",\"description\":\"Aqui a not\u00edcia se apresenta\",\"publisher\":{\"@id\":\"https:\/\/palconews.com\/#organization\"},\"potentialAction\":[{\"@type\":\"SearchAction\",\"target\":{\"@type\":\"EntryPoint\",\"urlTemplate\":\"https:\/\/palconews.com\/?s={search_term_string}\"},\"query-input\":\"required name=search_term_string\"}],\"inLanguage\":\"pt-BR\"},{\"@type\":\"Organization\",\"@id\":\"https:\/\/palconews.com\/#organization\",\"name\":\"Palco News\",\"url\":\"https:\/\/palconews.com\/\",\"logo\":{\"@type\":\"ImageObject\",\"inLanguage\":\"pt-BR\",\"@id\":\"https:\/\/palconews.com\/#\/schema\/logo\/image\/\",\"url\":\"https:\/\/palconews.com\/wp-content\/uploads\/2024\/04\/cropped-LogoPalco.png\",\"contentUrl\":\"https:\/\/palconews.com\/wp-content\/uploads\/2024\/04\/cropped-LogoPalco.png\",\"width\":910,\"height\":749,\"caption\":\"Palco News\"},\"image\":{\"@id\":\"https:\/\/palconews.com\/#\/schema\/logo\/image\/\"}},{\"@type\":\"Person\",\"@id\":\"https:\/\/palconews.com\/#\/schema\/person\/3b004c18b2c7e435fc7fb435a236bce3\",\"name\":\"palconews.com\",\"image\":{\"@type\":\"ImageObject\",\"inLanguage\":\"pt-BR\",\"@id\":\"https:\/\/palconews.com\/#\/schema\/person\/image\/\",\"url\":\"https:\/\/palconews.com\/wp-content\/litespeed\/avatar\/656484b85623c413704b61bc704a9b20.jpg?ver=1777328657\",\"contentUrl\":\"https:\/\/palconews.com\/wp-content\/litespeed\/avatar\/656484b85623c413704b61bc704a9b20.jpg?ver=1777328657\",\"caption\":\"palconews.com\"},\"sameAs\":[\"https:\/\/palconews.com\"],\"url\":\"https:\/\/palconews.com\/index.php\/author\/khaki-sardine-944452-hostingersite-com\/\"}]}<\/script>\n<!-- \/ Yoast SEO plugin. -->","yoast_head_json":{"title":"Jovem Celebra Anivers\u00e1rio em Hospital Ap\u00f3s Rea\u00e7\u00e3o Al\u00e9rgica \u00e0 Pimenta - Palco News","description":"Em um momento emocionante, uma jovem internada por rea\u00e7\u00e3o al\u00e9rgica a pimenta celebra o anivers\u00e1rio de 9 anos da filha em hospital. Descubra os detalhes dessa celebra\u00e7\u00e3o tocante.","robots":{"index":"index","follow":"follow","max-snippet":"max-snippet:-1","max-image-preview":"max-image-preview:large","max-video-preview":"max-video-preview:-1"},"canonical":"https:\/\/palconews.com\/index.php\/2024\/04\/09\/jovem-celebra-aniversario-em-hospital-apos-reacao-alergica-a-pimenta\/","og_locale":"pt_BR","og_type":"article","og_title":"Jovem Celebra Anivers\u00e1rio em Hospital Ap\u00f3s Rea\u00e7\u00e3o Al\u00e9rgica \u00e0 Pimenta - Palco News","og_description":"Em um momento emocionante, uma jovem internada por rea\u00e7\u00e3o al\u00e9rgica a pimenta celebra o anivers\u00e1rio de 9 anos da filha em hospital. Descubra os detalhes dessa celebra\u00e7\u00e3o tocante.","og_url":"https:\/\/palconews.com\/index.php\/2024\/04\/09\/jovem-celebra-aniversario-em-hospital-apos-reacao-alergica-a-pimenta\/","og_site_name":"Palco News","article_published_time":"2024-04-09T23:00:51+00:00","article_modified_time":"2024-04-10T22:25:27+00:00","og_image":[{"width":888,"height":493,"url":"https:\/\/palconews.com\/wp-content\/uploads\/2024\/04\/111.webp","type":"image\/webp"}],"author":"palconews.com","twitter_card":"summary_large_image","twitter_misc":{"Escrito por":"palconews.com","Est. tempo de leitura":"3 minutos"},"schema":{"@context":"https:\/\/schema.org","@graph":[{"@type":"Article","@id":"https:\/\/palconews.com\/index.php\/2024\/04\/09\/jovem-celebra-aniversario-em-hospital-apos-reacao-alergica-a-pimenta\/#article","isPartOf":{"@id":"https:\/\/palconews.com\/index.php\/2024\/04\/09\/jovem-celebra-aniversario-em-hospital-apos-reacao-alergica-a-pimenta\/"},"author":{"name":"palconews.com","@id":"https:\/\/palconews.com\/#\/schema\/person\/3b004c18b2c7e435fc7fb435a236bce3"},"headline":"Jovem Celebra Anivers\u00e1rio em Hospital Ap\u00f3s Rea\u00e7\u00e3o Al\u00e9rgica \u00e0 Pimenta","datePublished":"2024-04-09T23:00:51+00:00","dateModified":"2024-04-10T22:25:27+00:00","mainEntityOfPage":{"@id":"https:\/\/palconews.com\/index.php\/2024\/04\/09\/jovem-celebra-aniversario-em-hospital-apos-reacao-alergica-a-pimenta\/"},"wordCount":440,"commentCount":0,"publisher":{"@id":"https:\/\/palconews.com\/#organization"},"image":{"@id":"https:\/\/palconews.com\/index.php\/2024\/04\/09\/jovem-celebra-aniversario-em-hospital-apos-reacao-alergica-a-pimenta\/#primaryimage"},"thumbnailUrl":"https:\/\/palconews.com\/wp-content\/uploads\/2024\/04\/111.webp","articleSection":["Brasil"],"inLanguage":"pt-BR","potentialAction":[{"@type":"CommentAction","name":"Comment","target":["https:\/\/palconews.com\/index.php\/2024\/04\/09\/jovem-celebra-aniversario-em-hospital-apos-reacao-alergica-a-pimenta\/#respond"]}]},{"@type":"WebPage","@id":"https:\/\/palconews.com\/index.php\/2024\/04\/09\/jovem-celebra-aniversario-em-hospital-apos-reacao-alergica-a-pimenta\/","url":"https:\/\/palconews.com\/index.php\/2024\/04\/09\/jovem-celebra-aniversario-em-hospital-apos-reacao-alergica-a-pimenta\/","name":"Jovem Celebra Anivers\u00e1rio em Hospital Ap\u00f3s Rea\u00e7\u00e3o Al\u00e9rgica \u00e0 Pimenta - Palco News","isPartOf":{"@id":"https:\/\/palconews.com\/#website"},"primaryImageOfPage":{"@id":"https:\/\/palconews.com\/index.php\/2024\/04\/09\/jovem-celebra-aniversario-em-hospital-apos-reacao-alergica-a-pimenta\/#primaryimage"},"image":{"@id":"https:\/\/palconews.com\/index.php\/2024\/04\/09\/jovem-celebra-aniversario-em-hospital-apos-reacao-alergica-a-pimenta\/#primaryimage"},"thumbnailUrl":"https:\/\/palconews.com\/wp-content\/uploads\/2024\/04\/111.webp","datePublished":"2024-04-09T23:00:51+00:00","dateModified":"2024-04-10T22:25:27+00:00","description":"Em um momento emocionante, uma jovem internada por rea\u00e7\u00e3o al\u00e9rgica a pimenta celebra o anivers\u00e1rio de 9 anos da filha em hospital. Descubra os detalhes dessa celebra\u00e7\u00e3o tocante.","breadcrumb":{"@id":"https:\/\/palconews.com\/index.php\/2024\/04\/09\/jovem-celebra-aniversario-em-hospital-apos-reacao-alergica-a-pimenta\/#breadcrumb"},"inLanguage":"pt-BR","potentialAction":[{"@type":"ReadAction","target":["https:\/\/palconews.com\/index.php\/2024\/04\/09\/jovem-celebra-aniversario-em-hospital-apos-reacao-alergica-a-pimenta\/"]}]},{"@type":"ImageObject","inLanguage":"pt-BR","@id":"https:\/\/palconews.com\/index.php\/2024\/04\/09\/jovem-celebra-aniversario-em-hospital-apos-reacao-alergica-a-pimenta\/#primaryimage","url":"https:\/\/palconews.com\/wp-content\/uploads\/2024\/04\/111.webp","contentUrl":"https:\/\/palconews.com\/wp-content\/uploads\/2024\/04\/111.webp","width":888,"height":493},{"@type":"BreadcrumbList","@id":"https:\/\/palconews.com\/index.php\/2024\/04\/09\/jovem-celebra-aniversario-em-hospital-apos-reacao-alergica-a-pimenta\/#breadcrumb","itemListElement":[{"@type":"ListItem","position":1,"name":"Home","item":"https:\/\/palconews.com\/"},{"@type":"ListItem","position":2,"name":"Jovem Celebra Anivers\u00e1rio em Hospital Ap\u00f3s Rea\u00e7\u00e3o Al\u00e9rgica \u00e0 Pimenta"}]},{"@type":"WebSite","@id":"https:\/\/palconews.com\/#website","url":"https:\/\/palconews.com\/","name":"Palco News","description":"Aqui a not\u00edcia se apresenta","publisher":{"@id":"https:\/\/palconews.com\/#organization"},"potentialAction":[{"@type":"SearchAction","target":{"@type":"EntryPoint","urlTemplate":"https:\/\/palconews.com\/?s={search_term_string}"},"query-input":"required name=search_term_string"}],"inLanguage":"pt-BR"},{"@type":"Organization","@id":"https:\/\/palconews.com\/#organization","name":"Palco News","url":"https:\/\/palconews.com\/","logo":{"@type":"ImageObject","inLanguage":"pt-BR","@id":"https:\/\/palconews.com\/#\/schema\/logo\/image\/","url":"https:\/\/palconews.com\/wp-content\/uploads\/2024\/04\/cropped-LogoPalco.png","contentUrl":"https:\/\/palconews.com\/wp-content\/uploads\/2024\/04\/cropped-LogoPalco.png","width":910,"height":749,"caption":"Palco News"},"image":{"@id":"https:\/\/palconews.com\/#\/schema\/logo\/image\/"}},{"@type":"Person","@id":"https:\/\/palconews.com\/#\/schema\/person\/3b004c18b2c7e435fc7fb435a236bce3","name":"palconews.com","image":{"@type":"ImageObject","inLanguage":"pt-BR","@id":"https:\/\/palconews.com\/#\/schema\/person\/image\/","url":"https:\/\/palconews.com\/wp-content\/litespeed\/avatar\/656484b85623c413704b61bc704a9b20.jpg?ver=1777328657","contentUrl":"https:\/\/palconews.com\/wp-content\/litespeed\/avatar\/656484b85623c413704b61bc704a9b20.jpg?ver=1777328657","caption":"palconews.com"},"sameAs":["https:\/\/palconews.com"],"url":"https:\/\/palconews.com\/index.php\/author\/khaki-sardine-944452-hostingersite-com\/"}]}},"jetpack_featured_media_url":"https:\/\/palconews.com\/wp-content\/uploads\/2024\/04\/111.webp","_links":{"self":[{"href":"https:\/\/palconews.com\/index.php\/wp-json\/wp\/v2\/posts\/90"}],"collection":[{"href":"https:\/\/palconews.com\/index.php\/wp-json\/wp\/v2\/posts"}],"about":[{"href":"https:\/\/palconews.com\/index.php\/wp-json\/wp\/v2\/types\/post"}],"author":[{"embeddable":true,"href":"https:\/\/palconews.com\/index.php\/wp-json\/wp\/v2\/users\/1"}],"replies":[{"embeddable":true,"href":"https:\/\/palconews.com\/index.php\/wp-json\/wp\/v2\/comments?post=90"}],"version-history":[{"count":2,"href":"https:\/\/palconews.com\/index.php\/wp-json\/wp\/v2\/posts\/90\/revisions"}],"predecessor-version":[{"id":148,"href":"https:\/\/palconews.com\/index.php\/wp-json\/wp\/v2\/posts\/90\/revisions\/148"}],"wp:featuredmedia":[{"embeddable":true,"href":"https:\/\/palconews.com\/index.php\/wp-json\/wp\/v2\/media\/92"}],"wp:attachment":[{"href":"https:\/\/palconews.com\/index.php\/wp-json\/wp\/v2\/media?parent=90"}],"wp:term":[{"taxonomy":"category","embeddable":true,"href":"https:\/\/palconews.com\/index.php\/wp-json\/wp\/v2\/categories?post=90"},{"taxonomy":"post_tag","embeddable":true,"href":"https:\/\/palconews.com\/index.php\/wp-json\/wp\/v2\/tags?post=90"}],"curies":[{"name":"wp","href":"https:\/\/api.w.org\/{rel}","templated":true}]}}