{"id":53,"date":"2024-04-01T19:36:55","date_gmt":"2024-04-01T22:36:55","guid":{"rendered":"https:\/\/palconews.com\/?p=53"},"modified":"2024-04-10T19:26:25","modified_gmt":"2024-04-10T22:26:25","slug":"semed-maceio-realiza-3a-convocacao-de-aprovados-no-pss-2023","status":"publish","type":"post","link":"https:\/\/palconews.com\/index.php\/2024\/04\/01\/semed-maceio-realiza-3a-convocacao-de-aprovados-no-pss-2023\/","title":{"rendered":"Semed Macei\u00f3 realiza 3\u00aa convoca\u00e7\u00e3o de aprovados no PSS 2023"},"content":{"rendered":"\n<figure class=\"wp-block-image size-full\"><img loading=\"lazy\" decoding=\"async\" width=\"696\" height=\"390\" src=\"https:\/\/palconews.com\/wp-content\/uploads\/2024\/04\/whatsapp-image-2022-03-15-at-12.01.29.webp\" alt=\"\" class=\"wp-image-55\" srcset=\"https:\/\/palconews.com\/wp-content\/uploads\/2024\/04\/whatsapp-image-2022-03-15-at-12.01.29.webp 696w, https:\/\/palconews.com\/wp-content\/uploads\/2024\/04\/whatsapp-image-2022-03-15-at-12.01.29-300x168.webp 300w\" sizes=\"(max-width: 696px) 100vw, 696px\" \/><\/figure>\n\n\n\n<h3 class=\"wp-block-heading\"><strong>Semed Macei\u00f3 anuncia a terceira convoca\u00e7\u00e3o de aprovados no Processo Seletivo Simplificado de 2023<\/strong><\/h3>\n\n\n\n<p>A Secretaria Municipal de Educa\u00e7\u00e3o de Macei\u00f3 (Semed) realizou mais uma etapa do refor\u00e7o no quadro de profissionais da educa\u00e7\u00e3o, convocando 141 novos aprovados no Processo Seletivo Simplificado (PSS) de 2023. Este movimento marca a terceira fase de admiss\u00f5es do \u00f3rg\u00e3o neste ano, destacando a cont\u00ednua busca pela excel\u00eancia no ensino p\u00fablico municipal.<\/p>\n\n\n\n<p><strong>Profissionais de diversas \u00e1reas convocados<\/strong><\/p>\n\n\n\n<p>Nesta \u00faltima convoca\u00e7\u00e3o, a Semed buscou profissionais de v\u00e1rias especialidades, demonstrando o compromisso com uma educa\u00e7\u00e3o multidisciplinar e inclusiva. Dentre os convocados est\u00e3o auxiliares de sala, psic\u00f3logos, professores de diversas disciplinas, assistentes sociais, nutricionistas, merendeiros e int\u00e9rpretes de Libras, todos fundamentais para o bom funcionamento e a qualidade do ensino.<\/p>\n\n\n\n<p><strong>Processo de contrata\u00e7\u00e3o<\/strong><\/p>\n\n\n\n<p>Os candidatos selecionados nesta terceira chamada devem se atentar ao prazo e procedimentos para a formaliza\u00e7\u00e3o dos contratos tempor\u00e1rios. O edital de convoca\u00e7\u00e3o, publicado no Di\u00e1rio Oficial de Macei\u00f3, traz todas as instru\u00e7\u00f5es necess\u00e1rias, incluindo a lista de documentos exigidos para a contrata\u00e7\u00e3o. \u00c9 imperativo o comparecimento na Coordena\u00e7\u00e3o de Gest\u00e3o de Pessoas da Semed, situada na Rua General Hermes, Cambona, com todos os documentos em m\u00e3os.<\/p>\n\n\n\n<p><strong>Mais de 28 mil inscritos no PSS<\/strong><\/p>\n\n\n\n<p>O PSS 2023 da Semed Macei\u00f3 registrou um n\u00famero expressivo de inscri\u00e7\u00f5es, ultrapassando a marca de 28 mil candidatos. Esse alto interesse reflete a import\u00e2ncia e a atratividade das vagas oferecidas pela Secretaria Municipal de Educa\u00e7\u00e3o, al\u00e9m de sublinhar o desejo da popula\u00e7\u00e3o em contribuir para a educa\u00e7\u00e3o p\u00fablica de qualidade.<\/p>\n\n\n\n<p><strong>Impacto nas escolas municipais<\/strong><\/p>\n\n\n\n<p>Com quase 1.200 profissionais j\u00e1 convocados nas tr\u00eas chamadas deste ano, as escolas municipais de Macei\u00f3 est\u00e3o recebendo refor\u00e7os significativos. Esses novos membros da equipe de educa\u00e7\u00e3o come\u00e7aram a ser distribu\u00eddos pelas unidades escolares desde o dia 19 de mar\u00e7o, atendendo \u00e0s necessidades emergentes e \u00e0s novas oportunidades criadas pela expans\u00e3o da Educa\u00e7\u00e3o Infantil e do ensino em tempo integral.<\/p>\n\n\n\n<p><strong>Links de sa\u00edda:<\/strong><\/p>\n\n\n\n<ul>\n<li><a>Di\u00e1rio Oficial de Macei\u00f3<\/a><\/li>\n\n\n\n<li><a>MEC &#8211; Minist\u00e9rio da Educa\u00e7\u00e3o<\/a><\/li>\n<\/ul>\n","protected":false},"excerpt":{"rendered":"<p>Semed Macei\u00f3 anuncia a terceira convoca\u00e7\u00e3o de aprovados no Processo Seletivo Simplificado de 2023 A Secretaria Municipal de Educa\u00e7\u00e3o de [&hellip;]<\/p>\n","protected":false},"author":1,"featured_media":55,"comment_status":"open","ping_status":"open","sticky":false,"template":"","format":"standard","meta":{"_uf_show_specific_survey":0,"_uf_disable_surveys":false,"site-sidebar-layout":"default","site-content-layout":"","ast-site-content-layout":"","site-content-style":"default","site-sidebar-style":"default","ast-global-header-display":"","ast-banner-title-visibility":"","ast-main-header-display":"","ast-hfb-above-header-display":"","ast-hfb-below-header-display":"","ast-hfb-mobile-header-display":"","site-post-title":"","ast-breadcrumbs-content":"","ast-featured-img":"","footer-sml-layout":"","theme-transparent-header-meta":"","adv-header-id-meta":"","stick-header-meta":"","header-above-stick-meta":"","header-main-stick-meta":"","header-below-stick-meta":"","astra-migrate-meta-layouts":"default","ast-page-background-enabled":"default","ast-page-background-meta":{"desktop":{"background-color":"var(--ast-global-color-4)","background-image":"","background-repeat":"repeat","background-position":"center center","background-size":"auto","background-attachment":"scroll","background-type":"","background-media":"","overlay-type":"","overlay-color":"","overlay-gradient":""},"tablet":{"background-color":"","background-image":"","background-repeat":"repeat","background-position":"center center","background-size":"auto","background-attachment":"scroll","background-type":"","background-media":"","overlay-type":"","overlay-color":"","overlay-gradient":""},"mobile":{"background-color":"","background-image":"","background-repeat":"repeat","background-position":"center center","background-size":"auto","background-attachment":"scroll","background-type":"","background-media":"","overlay-type":"","overlay-color":"","overlay-gradient":""}},"ast-content-background-meta":{"desktop":{"background-color":"var(--ast-global-color-5)","background-image":"","background-repeat":"repeat","background-position":"center center","background-size":"auto","background-attachment":"scroll","background-type":"","background-media":"","overlay-type":"","overlay-color":"","overlay-gradient":""},"tablet":{"background-color":"var(--ast-global-color-5)","background-image":"","background-repeat":"repeat","background-position":"center center","background-size":"auto","background-attachment":"scroll","background-type":"","background-media":"","overlay-type":"","overlay-color":"","overlay-gradient":""},"mobile":{"background-color":"var(--ast-global-color-5)","background-image":"","background-repeat":"repeat","background-position":"center center","background-size":"auto","background-attachment":"scroll","background-type":"","background-media":"","overlay-type":"","overlay-color":"","overlay-gradient":""}},"footnotes":""},"categories":[7],"tags":[],"yoast_head":"<!-- This site is optimized with the Yoast SEO plugin v22.4 - https:\/\/yoast.com\/wordpress\/plugins\/seo\/ -->\n<title>Semed Macei\u00f3 realiza 3\u00aa convoca\u00e7\u00e3o de aprovados no PSS 2023 - Palco News<\/title>\n<meta name=\"description\" content=\"A Semed Macei\u00f3 anuncia a 3\u00aa convoca\u00e7\u00e3o de aprovados no PSS 2023, chamando profissionais de diversas \u00e1reas para a educa\u00e7\u00e3o.\" \/>\n<meta name=\"robots\" content=\"index, follow, max-snippet:-1, max-image-preview:large, max-video-preview:-1\" \/>\n<link rel=\"canonical\" href=\"https:\/\/palconews.com\/index.php\/2024\/04\/01\/semed-maceio-realiza-3a-convocacao-de-aprovados-no-pss-2023\/\" \/>\n<meta property=\"og:locale\" content=\"pt_BR\" \/>\n<meta property=\"og:type\" content=\"article\" \/>\n<meta property=\"og:title\" content=\"Semed Macei\u00f3 realiza 3\u00aa convoca\u00e7\u00e3o de aprovados no PSS 2023 - Palco News\" \/>\n<meta property=\"og:description\" content=\"A Semed Macei\u00f3 anuncia a 3\u00aa convoca\u00e7\u00e3o de aprovados no PSS 2023, chamando profissionais de diversas \u00e1reas para a educa\u00e7\u00e3o.\" \/>\n<meta property=\"og:url\" content=\"https:\/\/palconews.com\/index.php\/2024\/04\/01\/semed-maceio-realiza-3a-convocacao-de-aprovados-no-pss-2023\/\" \/>\n<meta property=\"og:site_name\" content=\"Palco News\" \/>\n<meta property=\"article:published_time\" content=\"2024-04-01T22:36:55+00:00\" \/>\n<meta property=\"article:modified_time\" content=\"2024-04-10T22:26:25+00:00\" \/>\n<meta property=\"og:image\" content=\"https:\/\/palconews.com\/wp-content\/uploads\/2024\/04\/whatsapp-image-2022-03-15-at-12.01.29.webp\" \/>\n\t<meta property=\"og:image:width\" content=\"696\" \/>\n\t<meta property=\"og:image:height\" content=\"390\" \/>\n\t<meta property=\"og:image:type\" content=\"image\/webp\" \/>\n<meta name=\"author\" content=\"palconews.com\" \/>\n<meta name=\"twitter:card\" content=\"summary_large_image\" \/>\n<meta name=\"twitter:label1\" content=\"Escrito por\" \/>\n\t<meta name=\"twitter:data1\" content=\"palconews.com\" \/>\n\t<meta name=\"twitter:label2\" content=\"Est. tempo de leitura\" \/>\n\t<meta name=\"twitter:data2\" content=\"2 minutos\" \/>\n<script type=\"application\/ld+json\" class=\"yoast-schema-graph\">{\"@context\":\"https:\/\/schema.org\",\"@graph\":[{\"@type\":\"Article\",\"@id\":\"https:\/\/palconews.com\/index.php\/2024\/04\/01\/semed-maceio-realiza-3a-convocacao-de-aprovados-no-pss-2023\/#article\",\"isPartOf\":{\"@id\":\"https:\/\/palconews.com\/index.php\/2024\/04\/01\/semed-maceio-realiza-3a-convocacao-de-aprovados-no-pss-2023\/\"},\"author\":{\"name\":\"palconews.com\",\"@id\":\"https:\/\/palconews.com\/#\/schema\/person\/3b004c18b2c7e435fc7fb435a236bce3\"},\"headline\":\"Semed Macei\u00f3 realiza 3\u00aa convoca\u00e7\u00e3o de aprovados no PSS 2023\",\"datePublished\":\"2024-04-01T22:36:55+00:00\",\"dateModified\":\"2024-04-10T22:26:25+00:00\",\"mainEntityOfPage\":{\"@id\":\"https:\/\/palconews.com\/index.php\/2024\/04\/01\/semed-maceio-realiza-3a-convocacao-de-aprovados-no-pss-2023\/\"},\"wordCount\":373,\"commentCount\":0,\"publisher\":{\"@id\":\"https:\/\/palconews.com\/#organization\"},\"image\":{\"@id\":\"https:\/\/palconews.com\/index.php\/2024\/04\/01\/semed-maceio-realiza-3a-convocacao-de-aprovados-no-pss-2023\/#primaryimage\"},\"thumbnailUrl\":\"https:\/\/palconews.com\/wp-content\/uploads\/2024\/04\/whatsapp-image-2022-03-15-at-12.01.29.webp\",\"articleSection\":[\"Brasil\"],\"inLanguage\":\"pt-BR\",\"potentialAction\":[{\"@type\":\"CommentAction\",\"name\":\"Comment\",\"target\":[\"https:\/\/palconews.com\/index.php\/2024\/04\/01\/semed-maceio-realiza-3a-convocacao-de-aprovados-no-pss-2023\/#respond\"]}]},{\"@type\":\"WebPage\",\"@id\":\"https:\/\/palconews.com\/index.php\/2024\/04\/01\/semed-maceio-realiza-3a-convocacao-de-aprovados-no-pss-2023\/\",\"url\":\"https:\/\/palconews.com\/index.php\/2024\/04\/01\/semed-maceio-realiza-3a-convocacao-de-aprovados-no-pss-2023\/\",\"name\":\"Semed Macei\u00f3 realiza 3\u00aa convoca\u00e7\u00e3o de aprovados no PSS 2023 - Palco News\",\"isPartOf\":{\"@id\":\"https:\/\/palconews.com\/#website\"},\"primaryImageOfPage\":{\"@id\":\"https:\/\/palconews.com\/index.php\/2024\/04\/01\/semed-maceio-realiza-3a-convocacao-de-aprovados-no-pss-2023\/#primaryimage\"},\"image\":{\"@id\":\"https:\/\/palconews.com\/index.php\/2024\/04\/01\/semed-maceio-realiza-3a-convocacao-de-aprovados-no-pss-2023\/#primaryimage\"},\"thumbnailUrl\":\"https:\/\/palconews.com\/wp-content\/uploads\/2024\/04\/whatsapp-image-2022-03-15-at-12.01.29.webp\",\"datePublished\":\"2024-04-01T22:36:55+00:00\",\"dateModified\":\"2024-04-10T22:26:25+00:00\",\"description\":\"A Semed Macei\u00f3 anuncia a 3\u00aa convoca\u00e7\u00e3o de aprovados no PSS 2023, chamando profissionais de diversas \u00e1reas para a educa\u00e7\u00e3o.\",\"breadcrumb\":{\"@id\":\"https:\/\/palconews.com\/index.php\/2024\/04\/01\/semed-maceio-realiza-3a-convocacao-de-aprovados-no-pss-2023\/#breadcrumb\"},\"inLanguage\":\"pt-BR\",\"potentialAction\":[{\"@type\":\"ReadAction\",\"target\":[\"https:\/\/palconews.com\/index.php\/2024\/04\/01\/semed-maceio-realiza-3a-convocacao-de-aprovados-no-pss-2023\/\"]}]},{\"@type\":\"ImageObject\",\"inLanguage\":\"pt-BR\",\"@id\":\"https:\/\/palconews.com\/index.php\/2024\/04\/01\/semed-maceio-realiza-3a-convocacao-de-aprovados-no-pss-2023\/#primaryimage\",\"url\":\"https:\/\/palconews.com\/wp-content\/uploads\/2024\/04\/whatsapp-image-2022-03-15-at-12.01.29.webp\",\"contentUrl\":\"https:\/\/palconews.com\/wp-content\/uploads\/2024\/04\/whatsapp-image-2022-03-15-at-12.01.29.webp\",\"width\":696,\"height\":390},{\"@type\":\"BreadcrumbList\",\"@id\":\"https:\/\/palconews.com\/index.php\/2024\/04\/01\/semed-maceio-realiza-3a-convocacao-de-aprovados-no-pss-2023\/#breadcrumb\",\"itemListElement\":[{\"@type\":\"ListItem\",\"position\":1,\"name\":\"Home\",\"item\":\"https:\/\/palconews.com\/\"},{\"@type\":\"ListItem\",\"position\":2,\"name\":\"Semed Macei\u00f3 realiza 3\u00aa convoca\u00e7\u00e3o de aprovados no PSS 2023\"}]},{\"@type\":\"WebSite\",\"@id\":\"https:\/\/palconews.com\/#website\",\"url\":\"https:\/\/palconews.com\/\",\"name\":\"Palco News\",\"description\":\"Aqui a not\u00edcia se apresenta\",\"publisher\":{\"@id\":\"https:\/\/palconews.com\/#organization\"},\"potentialAction\":[{\"@type\":\"SearchAction\",\"target\":{\"@type\":\"EntryPoint\",\"urlTemplate\":\"https:\/\/palconews.com\/?s={search_term_string}\"},\"query-input\":\"required name=search_term_string\"}],\"inLanguage\":\"pt-BR\"},{\"@type\":\"Organization\",\"@id\":\"https:\/\/palconews.com\/#organization\",\"name\":\"Palco News\",\"url\":\"https:\/\/palconews.com\/\",\"logo\":{\"@type\":\"ImageObject\",\"inLanguage\":\"pt-BR\",\"@id\":\"https:\/\/palconews.com\/#\/schema\/logo\/image\/\",\"url\":\"https:\/\/palconews.com\/wp-content\/uploads\/2024\/04\/cropped-LogoPalco.png\",\"contentUrl\":\"https:\/\/palconews.com\/wp-content\/uploads\/2024\/04\/cropped-LogoPalco.png\",\"width\":910,\"height\":749,\"caption\":\"Palco News\"},\"image\":{\"@id\":\"https:\/\/palconews.com\/#\/schema\/logo\/image\/\"}},{\"@type\":\"Person\",\"@id\":\"https:\/\/palconews.com\/#\/schema\/person\/3b004c18b2c7e435fc7fb435a236bce3\",\"name\":\"palconews.com\",\"image\":{\"@type\":\"ImageObject\",\"inLanguage\":\"pt-BR\",\"@id\":\"https:\/\/palconews.com\/#\/schema\/person\/image\/\",\"url\":\"https:\/\/palconews.com\/wp-content\/litespeed\/avatar\/656484b85623c413704b61bc704a9b20.jpg?ver=1777328657\",\"contentUrl\":\"https:\/\/palconews.com\/wp-content\/litespeed\/avatar\/656484b85623c413704b61bc704a9b20.jpg?ver=1777328657\",\"caption\":\"palconews.com\"},\"sameAs\":[\"https:\/\/palconews.com\"],\"url\":\"https:\/\/palconews.com\/index.php\/author\/khaki-sardine-944452-hostingersite-com\/\"}]}<\/script>\n<!-- \/ Yoast SEO plugin. -->","yoast_head_json":{"title":"Semed Macei\u00f3 realiza 3\u00aa convoca\u00e7\u00e3o de aprovados no PSS 2023 - Palco News","description":"A Semed Macei\u00f3 anuncia a 3\u00aa convoca\u00e7\u00e3o de aprovados no PSS 2023, chamando profissionais de diversas \u00e1reas para a educa\u00e7\u00e3o.","robots":{"index":"index","follow":"follow","max-snippet":"max-snippet:-1","max-image-preview":"max-image-preview:large","max-video-preview":"max-video-preview:-1"},"canonical":"https:\/\/palconews.com\/index.php\/2024\/04\/01\/semed-maceio-realiza-3a-convocacao-de-aprovados-no-pss-2023\/","og_locale":"pt_BR","og_type":"article","og_title":"Semed Macei\u00f3 realiza 3\u00aa convoca\u00e7\u00e3o de aprovados no PSS 2023 - Palco News","og_description":"A Semed Macei\u00f3 anuncia a 3\u00aa convoca\u00e7\u00e3o de aprovados no PSS 2023, chamando profissionais de diversas \u00e1reas para a educa\u00e7\u00e3o.","og_url":"https:\/\/palconews.com\/index.php\/2024\/04\/01\/semed-maceio-realiza-3a-convocacao-de-aprovados-no-pss-2023\/","og_site_name":"Palco News","article_published_time":"2024-04-01T22:36:55+00:00","article_modified_time":"2024-04-10T22:26:25+00:00","og_image":[{"width":696,"height":390,"url":"https:\/\/palconews.com\/wp-content\/uploads\/2024\/04\/whatsapp-image-2022-03-15-at-12.01.29.webp","type":"image\/webp"}],"author":"palconews.com","twitter_card":"summary_large_image","twitter_misc":{"Escrito por":"palconews.com","Est. tempo de leitura":"2 minutos"},"schema":{"@context":"https:\/\/schema.org","@graph":[{"@type":"Article","@id":"https:\/\/palconews.com\/index.php\/2024\/04\/01\/semed-maceio-realiza-3a-convocacao-de-aprovados-no-pss-2023\/#article","isPartOf":{"@id":"https:\/\/palconews.com\/index.php\/2024\/04\/01\/semed-maceio-realiza-3a-convocacao-de-aprovados-no-pss-2023\/"},"author":{"name":"palconews.com","@id":"https:\/\/palconews.com\/#\/schema\/person\/3b004c18b2c7e435fc7fb435a236bce3"},"headline":"Semed Macei\u00f3 realiza 3\u00aa convoca\u00e7\u00e3o de aprovados no PSS 2023","datePublished":"2024-04-01T22:36:55+00:00","dateModified":"2024-04-10T22:26:25+00:00","mainEntityOfPage":{"@id":"https:\/\/palconews.com\/index.php\/2024\/04\/01\/semed-maceio-realiza-3a-convocacao-de-aprovados-no-pss-2023\/"},"wordCount":373,"commentCount":0,"publisher":{"@id":"https:\/\/palconews.com\/#organization"},"image":{"@id":"https:\/\/palconews.com\/index.php\/2024\/04\/01\/semed-maceio-realiza-3a-convocacao-de-aprovados-no-pss-2023\/#primaryimage"},"thumbnailUrl":"https:\/\/palconews.com\/wp-content\/uploads\/2024\/04\/whatsapp-image-2022-03-15-at-12.01.29.webp","articleSection":["Brasil"],"inLanguage":"pt-BR","potentialAction":[{"@type":"CommentAction","name":"Comment","target":["https:\/\/palconews.com\/index.php\/2024\/04\/01\/semed-maceio-realiza-3a-convocacao-de-aprovados-no-pss-2023\/#respond"]}]},{"@type":"WebPage","@id":"https:\/\/palconews.com\/index.php\/2024\/04\/01\/semed-maceio-realiza-3a-convocacao-de-aprovados-no-pss-2023\/","url":"https:\/\/palconews.com\/index.php\/2024\/04\/01\/semed-maceio-realiza-3a-convocacao-de-aprovados-no-pss-2023\/","name":"Semed Macei\u00f3 realiza 3\u00aa convoca\u00e7\u00e3o de aprovados no PSS 2023 - Palco News","isPartOf":{"@id":"https:\/\/palconews.com\/#website"},"primaryImageOfPage":{"@id":"https:\/\/palconews.com\/index.php\/2024\/04\/01\/semed-maceio-realiza-3a-convocacao-de-aprovados-no-pss-2023\/#primaryimage"},"image":{"@id":"https:\/\/palconews.com\/index.php\/2024\/04\/01\/semed-maceio-realiza-3a-convocacao-de-aprovados-no-pss-2023\/#primaryimage"},"thumbnailUrl":"https:\/\/palconews.com\/wp-content\/uploads\/2024\/04\/whatsapp-image-2022-03-15-at-12.01.29.webp","datePublished":"2024-04-01T22:36:55+00:00","dateModified":"2024-04-10T22:26:25+00:00","description":"A Semed Macei\u00f3 anuncia a 3\u00aa convoca\u00e7\u00e3o de aprovados no PSS 2023, chamando profissionais de diversas \u00e1reas para a educa\u00e7\u00e3o.","breadcrumb":{"@id":"https:\/\/palconews.com\/index.php\/2024\/04\/01\/semed-maceio-realiza-3a-convocacao-de-aprovados-no-pss-2023\/#breadcrumb"},"inLanguage":"pt-BR","potentialAction":[{"@type":"ReadAction","target":["https:\/\/palconews.com\/index.php\/2024\/04\/01\/semed-maceio-realiza-3a-convocacao-de-aprovados-no-pss-2023\/"]}]},{"@type":"ImageObject","inLanguage":"pt-BR","@id":"https:\/\/palconews.com\/index.php\/2024\/04\/01\/semed-maceio-realiza-3a-convocacao-de-aprovados-no-pss-2023\/#primaryimage","url":"https:\/\/palconews.com\/wp-content\/uploads\/2024\/04\/whatsapp-image-2022-03-15-at-12.01.29.webp","contentUrl":"https:\/\/palconews.com\/wp-content\/uploads\/2024\/04\/whatsapp-image-2022-03-15-at-12.01.29.webp","width":696,"height":390},{"@type":"BreadcrumbList","@id":"https:\/\/palconews.com\/index.php\/2024\/04\/01\/semed-maceio-realiza-3a-convocacao-de-aprovados-no-pss-2023\/#breadcrumb","itemListElement":[{"@type":"ListItem","position":1,"name":"Home","item":"https:\/\/palconews.com\/"},{"@type":"ListItem","position":2,"name":"Semed Macei\u00f3 realiza 3\u00aa convoca\u00e7\u00e3o de aprovados no PSS 2023"}]},{"@type":"WebSite","@id":"https:\/\/palconews.com\/#website","url":"https:\/\/palconews.com\/","name":"Palco News","description":"Aqui a not\u00edcia se apresenta","publisher":{"@id":"https:\/\/palconews.com\/#organization"},"potentialAction":[{"@type":"SearchAction","target":{"@type":"EntryPoint","urlTemplate":"https:\/\/palconews.com\/?s={search_term_string}"},"query-input":"required name=search_term_string"}],"inLanguage":"pt-BR"},{"@type":"Organization","@id":"https:\/\/palconews.com\/#organization","name":"Palco News","url":"https:\/\/palconews.com\/","logo":{"@type":"ImageObject","inLanguage":"pt-BR","@id":"https:\/\/palconews.com\/#\/schema\/logo\/image\/","url":"https:\/\/palconews.com\/wp-content\/uploads\/2024\/04\/cropped-LogoPalco.png","contentUrl":"https:\/\/palconews.com\/wp-content\/uploads\/2024\/04\/cropped-LogoPalco.png","width":910,"height":749,"caption":"Palco News"},"image":{"@id":"https:\/\/palconews.com\/#\/schema\/logo\/image\/"}},{"@type":"Person","@id":"https:\/\/palconews.com\/#\/schema\/person\/3b004c18b2c7e435fc7fb435a236bce3","name":"palconews.com","image":{"@type":"ImageObject","inLanguage":"pt-BR","@id":"https:\/\/palconews.com\/#\/schema\/person\/image\/","url":"https:\/\/palconews.com\/wp-content\/litespeed\/avatar\/656484b85623c413704b61bc704a9b20.jpg?ver=1777328657","contentUrl":"https:\/\/palconews.com\/wp-content\/litespeed\/avatar\/656484b85623c413704b61bc704a9b20.jpg?ver=1777328657","caption":"palconews.com"},"sameAs":["https:\/\/palconews.com"],"url":"https:\/\/palconews.com\/index.php\/author\/khaki-sardine-944452-hostingersite-com\/"}]}},"jetpack_featured_media_url":"https:\/\/palconews.com\/wp-content\/uploads\/2024\/04\/whatsapp-image-2022-03-15-at-12.01.29.webp","_links":{"self":[{"href":"https:\/\/palconews.com\/index.php\/wp-json\/wp\/v2\/posts\/53"}],"collection":[{"href":"https:\/\/palconews.com\/index.php\/wp-json\/wp\/v2\/posts"}],"about":[{"href":"https:\/\/palconews.com\/index.php\/wp-json\/wp\/v2\/types\/post"}],"author":[{"embeddable":true,"href":"https:\/\/palconews.com\/index.php\/wp-json\/wp\/v2\/users\/1"}],"replies":[{"embeddable":true,"href":"https:\/\/palconews.com\/index.php\/wp-json\/wp\/v2\/comments?post=53"}],"version-history":[{"count":2,"href":"https:\/\/palconews.com\/index.php\/wp-json\/wp\/v2\/posts\/53\/revisions"}],"predecessor-version":[{"id":156,"href":"https:\/\/palconews.com\/index.php\/wp-json\/wp\/v2\/posts\/53\/revisions\/156"}],"wp:featuredmedia":[{"embeddable":true,"href":"https:\/\/palconews.com\/index.php\/wp-json\/wp\/v2\/media\/55"}],"wp:attachment":[{"href":"https:\/\/palconews.com\/index.php\/wp-json\/wp\/v2\/media?parent=53"}],"wp:term":[{"taxonomy":"category","embeddable":true,"href":"https:\/\/palconews.com\/index.php\/wp-json\/wp\/v2\/categories?post=53"},{"taxonomy":"post_tag","embeddable":true,"href":"https:\/\/palconews.com\/index.php\/wp-json\/wp\/v2\/tags?post=53"}],"curies":[{"name":"wp","href":"https:\/\/api.w.org\/{rel}","templated":true}]}}