{"id":22,"date":"2024-03-26T18:57:29","date_gmt":"2024-03-26T21:57:29","guid":{"rendered":"https:\/\/palconews.com\/?p=22"},"modified":"2024-04-10T18:51:56","modified_gmt":"2024-04-10T21:51:56","slug":"primeira-mulher-a-se-formar-em-inteligencia-artificial-no-brasil-e-da-ufg","status":"publish","type":"post","link":"https:\/\/palconews.com\/index.php\/2024\/03\/26\/primeira-mulher-a-se-formar-em-inteligencia-artificial-no-brasil-e-da-ufg\/","title":{"rendered":"Primeira Mulher a Se Formar em Intelig\u00eancia Artificial no Brasil \u00e9 da UFG"},"content":{"rendered":"\n<p><strong>Pioneirismo em IA: Aluna da UFG Quebra Barreiras e Se Torna a Primeira Mulher Graduada na \u00c1rea no Brasil<\/strong><\/p>\n\n\n\n<figure class=\"wp-block-image size-full\"><img loading=\"lazy\" decoding=\"async\" width=\"284\" height=\"178\" src=\"https:\/\/palconews.com\/wp-content\/uploads\/2024\/03\/download-6.jpeg\" alt=\"\" class=\"wp-image-24\"\/><\/figure>\n\n\n\n<p>Em um marco hist\u00f3rico para a educa\u00e7\u00e3o e tecnologia no Brasil, Heloisy Pereira Rodrigues, com apenas 24 anos, conquistou o t\u00edtulo de primeira mulher no pa\u00eds a se formar em Intelig\u00eancia Artificial (IA), pela Universidade Federal de Goi\u00e1s (UFG). A jovem, que inicialmente havia ingressado no curso de odontologia, encontrou sua verdadeira paix\u00e3o na IA, um campo dominado pela inova\u00e7\u00e3o e pelo potencial de transforma\u00e7\u00e3o social. Conhe\u00e7a mais sobre a trajet\u00f3ria inspiradora de Heloisy e os detalhes deste feito not\u00e1vel:<\/p>\n\n\n\n<h3 class=\"wp-block-heading\">Decis\u00e3o de Carreira e Forma\u00e7\u00e3o Acad\u00eamica<\/h3>\n\n\n\n<ul>\n<li><strong>Origens e Mudan\u00e7a de Curso:<\/strong> Natural de Ceres, Heloisy iniciou sua jornada acad\u00eamica em odontologia antes de se encantar pelo potencial e desafios da Intelig\u00eancia Artificial, mudando seu foco para essa \u00e1rea promissora.<\/li>\n\n\n\n<li><strong>Gradua\u00e7\u00e3o na UFG:<\/strong> Ingressou no curso de IA em 2020 e concluiu sua forma\u00e7\u00e3o no final de 2023, tornando-se uma das poucas pessoas e a \u00fanica mulher a se formar neste programa oferecido exclusivamente pela UFG.<\/li>\n<\/ul>\n\n\n\n<h3 class=\"wp-block-heading\">O Curso e Suas Especificidades<\/h3>\n\n\n\n<ul>\n<li><strong>Uma Gradua\u00e7\u00e3o \u00danica:<\/strong> O bacharelado em Intelig\u00eancia Artificial da UFG \u00e9 not\u00e1vel por sua abordagem interdisciplinar, combinando empreendedorismo, resolu\u00e7\u00e3o de problemas e t\u00e9cnica, al\u00e9m de promover a intera\u00e7\u00e3o direta com o mercado por meio de projetos de pesquisa e desenvolvimento.<\/li>\n\n\n\n<li><strong>Prefer\u00eancia por Processamento de Linguagem Natural:<\/strong> Entre as v\u00e1rias sub\u00e1reas da IA, Heloisy revelou ter uma predile\u00e7\u00e3o especial pelo processamento de linguagem natural, uma tecnologia que permite \u00e0s m\u00e1quinas compreender e interpretar a linguagem humana.<\/li>\n<\/ul>\n\n\n\n<h3 class=\"wp-block-heading\">Contribui\u00e7\u00f5es e Perspectivas Futuras<\/h3>\n\n\n\n<ul>\n<li><strong>Impacto no Mercado de Trabalho:<\/strong> A experi\u00eancia pr\u00e1tica adquirida atrav\u00e9s do contato com empresas durante o curso preparou Heloisy para o mercado de trabalho, permitindo-lhe tamb\u00e9m inspirar outras mulheres a explorar o campo da tecnologia.<\/li>\n\n\n\n<li><strong>Vis\u00e3o Sobre o Papel da IA:<\/strong> Heloisy v\u00ea a Intelig\u00eancia Artificial como uma ferramenta para melhorar a humanidade, automatizando tarefas repetitivas e permitindo que as pessoas se concentrem em atividades mais criativas e significativas.<\/li>\n<\/ul>\n\n\n\n<h3 class=\"wp-block-heading\">Inspira\u00e7\u00e3o e Desafios para Mulheres na Tecnologia<\/h3>\n\n\n\n<ul>\n<li><strong>Quebrando Estere\u00f3tipos:<\/strong> Heloisy discute a import\u00e2ncia de encorajar meninas e mulheres a se interessarem por tecnologia desde cedo, combatendo estere\u00f3tipos de g\u00eanero e abrindo caminho para uma maior representatividade feminina na \u00e1rea.<\/li>\n\n\n\n<li><strong>Superando Barreiras:<\/strong> A gradua\u00e7\u00e3o de Heloisy n\u00e3o apenas simboliza um avan\u00e7o pessoal significativo mas tamb\u00e9m destaca a necessidade de promover a igualdade de g\u00eanero e o empoderamento feminino nas ci\u00eancias e tecnologia.<\/li>\n<\/ul>\n\n\n\n<p>A hist\u00f3ria de Heloisy Pereira Rodrigues \u00e9 um lembrete poderoso do potencial que todas as pessoas t\u00eam de ultrapassar limites e alcan\u00e7ar grandes feitos, independentemente do g\u00eanero. Seu sucesso serve de inspira\u00e7\u00e3o para futuras gera\u00e7\u00f5es de mulheres interessadas em tecnologia, ci\u00eancia e inova\u00e7\u00e3o.<\/p>\n","protected":false},"excerpt":{"rendered":"<p>Pioneirismo em IA: Aluna da UFG Quebra Barreiras e Se Torna a Primeira Mulher Graduada na \u00c1rea no Brasil Em [&hellip;]<\/p>\n","protected":false},"author":1,"featured_media":24,"comment_status":"open","ping_status":"open","sticky":false,"template":"","format":"standard","meta":{"_uf_show_specific_survey":0,"_uf_disable_surveys":false,"site-sidebar-layout":"default","site-content-layout":"","ast-site-content-layout":"","site-content-style":"default","site-sidebar-style":"default","ast-global-header-display":"","ast-banner-title-visibility":"","ast-main-header-display":"","ast-hfb-above-header-display":"","ast-hfb-below-header-display":"","ast-hfb-mobile-header-display":"","site-post-title":"","ast-breadcrumbs-content":"","ast-featured-img":"","footer-sml-layout":"","theme-transparent-header-meta":"","adv-header-id-meta":"","stick-header-meta":"","header-above-stick-meta":"","header-main-stick-meta":"","header-below-stick-meta":"","astra-migrate-meta-layouts":"default","ast-page-background-enabled":"default","ast-page-background-meta":{"desktop":{"background-color":"var(--ast-global-color-4)","background-image":"","background-repeat":"repeat","background-position":"center center","background-size":"auto","background-attachment":"scroll","background-type":"","background-media":"","overlay-type":"","overlay-color":"","overlay-gradient":""},"tablet":{"background-color":"","background-image":"","background-repeat":"repeat","background-position":"center center","background-size":"auto","background-attachment":"scroll","background-type":"","background-media":"","overlay-type":"","overlay-color":"","overlay-gradient":""},"mobile":{"background-color":"","background-image":"","background-repeat":"repeat","background-position":"center center","background-size":"auto","background-attachment":"scroll","background-type":"","background-media":"","overlay-type":"","overlay-color":"","overlay-gradient":""}},"ast-content-background-meta":{"desktop":{"background-color":"var(--ast-global-color-5)","background-image":"","background-repeat":"repeat","background-position":"center center","background-size":"auto","background-attachment":"scroll","background-type":"","background-media":"","overlay-type":"","overlay-color":"","overlay-gradient":""},"tablet":{"background-color":"var(--ast-global-color-5)","background-image":"","background-repeat":"repeat","background-position":"center center","background-size":"auto","background-attachment":"scroll","background-type":"","background-media":"","overlay-type":"","overlay-color":"","overlay-gradient":""},"mobile":{"background-color":"var(--ast-global-color-5)","background-image":"","background-repeat":"repeat","background-position":"center center","background-size":"auto","background-attachment":"scroll","background-type":"","background-media":"","overlay-type":"","overlay-color":"","overlay-gradient":""}},"footnotes":""},"categories":[1],"tags":[],"yoast_head":"<!-- This site is optimized with the Yoast SEO plugin v22.4 - https:\/\/yoast.com\/wordpress\/plugins\/seo\/ -->\n<title>Primeira Mulher a Se Formar em Intelig\u00eancia Artificial no Brasil \u00e9 da UFG - Palco News<\/title>\n<meta name=\"robots\" content=\"index, follow, max-snippet:-1, max-image-preview:large, max-video-preview:-1\" \/>\n<link rel=\"canonical\" href=\"https:\/\/palconews.com\/index.php\/2024\/03\/26\/primeira-mulher-a-se-formar-em-inteligencia-artificial-no-brasil-e-da-ufg\/\" \/>\n<meta property=\"og:locale\" content=\"pt_BR\" \/>\n<meta property=\"og:type\" content=\"article\" \/>\n<meta property=\"og:title\" content=\"Primeira Mulher a Se Formar em Intelig\u00eancia Artificial no Brasil \u00e9 da UFG - Palco News\" \/>\n<meta property=\"og:description\" content=\"Pioneirismo em IA: Aluna da UFG Quebra Barreiras e Se Torna a Primeira Mulher Graduada na \u00c1rea no Brasil Em [&hellip;]\" \/>\n<meta property=\"og:url\" content=\"https:\/\/palconews.com\/index.php\/2024\/03\/26\/primeira-mulher-a-se-formar-em-inteligencia-artificial-no-brasil-e-da-ufg\/\" \/>\n<meta property=\"og:site_name\" content=\"Palco News\" \/>\n<meta property=\"article:published_time\" content=\"2024-03-26T21:57:29+00:00\" \/>\n<meta property=\"article:modified_time\" content=\"2024-04-10T21:51:56+00:00\" \/>\n<meta property=\"og:image\" content=\"https:\/\/palconews.com\/wp-content\/uploads\/2024\/03\/download-6.jpeg\" \/>\n\t<meta property=\"og:image:width\" content=\"284\" \/>\n\t<meta property=\"og:image:height\" content=\"178\" \/>\n\t<meta property=\"og:image:type\" content=\"image\/jpeg\" \/>\n<meta name=\"author\" content=\"palconews.com\" \/>\n<meta name=\"twitter:card\" content=\"summary_large_image\" \/>\n<meta name=\"twitter:label1\" content=\"Escrito por\" \/>\n\t<meta name=\"twitter:data1\" content=\"palconews.com\" \/>\n\t<meta name=\"twitter:label2\" content=\"Est. tempo de leitura\" \/>\n\t<meta name=\"twitter:data2\" content=\"3 minutos\" \/>\n<script type=\"application\/ld+json\" class=\"yoast-schema-graph\">{\"@context\":\"https:\/\/schema.org\",\"@graph\":[{\"@type\":\"Article\",\"@id\":\"https:\/\/palconews.com\/index.php\/2024\/03\/26\/primeira-mulher-a-se-formar-em-inteligencia-artificial-no-brasil-e-da-ufg\/#article\",\"isPartOf\":{\"@id\":\"https:\/\/palconews.com\/index.php\/2024\/03\/26\/primeira-mulher-a-se-formar-em-inteligencia-artificial-no-brasil-e-da-ufg\/\"},\"author\":{\"name\":\"palconews.com\",\"@id\":\"https:\/\/palconews.com\/#\/schema\/person\/3b004c18b2c7e435fc7fb435a236bce3\"},\"headline\":\"Primeira Mulher a Se Formar em Intelig\u00eancia Artificial no Brasil \u00e9 da UFG\",\"datePublished\":\"2024-03-26T21:57:29+00:00\",\"dateModified\":\"2024-04-10T21:51:56+00:00\",\"mainEntityOfPage\":{\"@id\":\"https:\/\/palconews.com\/index.php\/2024\/03\/26\/primeira-mulher-a-se-formar-em-inteligencia-artificial-no-brasil-e-da-ufg\/\"},\"wordCount\":507,\"commentCount\":0,\"publisher\":{\"@id\":\"https:\/\/palconews.com\/#organization\"},\"image\":{\"@id\":\"https:\/\/palconews.com\/index.php\/2024\/03\/26\/primeira-mulher-a-se-formar-em-inteligencia-artificial-no-brasil-e-da-ufg\/#primaryimage\"},\"thumbnailUrl\":\"https:\/\/palconews.com\/wp-content\/uploads\/2024\/03\/download-6.jpeg\",\"articleSection\":[\"Blog\"],\"inLanguage\":\"pt-BR\",\"potentialAction\":[{\"@type\":\"CommentAction\",\"name\":\"Comment\",\"target\":[\"https:\/\/palconews.com\/index.php\/2024\/03\/26\/primeira-mulher-a-se-formar-em-inteligencia-artificial-no-brasil-e-da-ufg\/#respond\"]}]},{\"@type\":\"WebPage\",\"@id\":\"https:\/\/palconews.com\/index.php\/2024\/03\/26\/primeira-mulher-a-se-formar-em-inteligencia-artificial-no-brasil-e-da-ufg\/\",\"url\":\"https:\/\/palconews.com\/index.php\/2024\/03\/26\/primeira-mulher-a-se-formar-em-inteligencia-artificial-no-brasil-e-da-ufg\/\",\"name\":\"Primeira Mulher a Se Formar em Intelig\u00eancia Artificial no Brasil \u00e9 da UFG - Palco News\",\"isPartOf\":{\"@id\":\"https:\/\/palconews.com\/#website\"},\"primaryImageOfPage\":{\"@id\":\"https:\/\/palconews.com\/index.php\/2024\/03\/26\/primeira-mulher-a-se-formar-em-inteligencia-artificial-no-brasil-e-da-ufg\/#primaryimage\"},\"image\":{\"@id\":\"https:\/\/palconews.com\/index.php\/2024\/03\/26\/primeira-mulher-a-se-formar-em-inteligencia-artificial-no-brasil-e-da-ufg\/#primaryimage\"},\"thumbnailUrl\":\"https:\/\/palconews.com\/wp-content\/uploads\/2024\/03\/download-6.jpeg\",\"datePublished\":\"2024-03-26T21:57:29+00:00\",\"dateModified\":\"2024-04-10T21:51:56+00:00\",\"breadcrumb\":{\"@id\":\"https:\/\/palconews.com\/index.php\/2024\/03\/26\/primeira-mulher-a-se-formar-em-inteligencia-artificial-no-brasil-e-da-ufg\/#breadcrumb\"},\"inLanguage\":\"pt-BR\",\"potentialAction\":[{\"@type\":\"ReadAction\",\"target\":[\"https:\/\/palconews.com\/index.php\/2024\/03\/26\/primeira-mulher-a-se-formar-em-inteligencia-artificial-no-brasil-e-da-ufg\/\"]}]},{\"@type\":\"ImageObject\",\"inLanguage\":\"pt-BR\",\"@id\":\"https:\/\/palconews.com\/index.php\/2024\/03\/26\/primeira-mulher-a-se-formar-em-inteligencia-artificial-no-brasil-e-da-ufg\/#primaryimage\",\"url\":\"https:\/\/palconews.com\/wp-content\/uploads\/2024\/03\/download-6.jpeg\",\"contentUrl\":\"https:\/\/palconews.com\/wp-content\/uploads\/2024\/03\/download-6.jpeg\",\"width\":284,\"height\":178},{\"@type\":\"BreadcrumbList\",\"@id\":\"https:\/\/palconews.com\/index.php\/2024\/03\/26\/primeira-mulher-a-se-formar-em-inteligencia-artificial-no-brasil-e-da-ufg\/#breadcrumb\",\"itemListElement\":[{\"@type\":\"ListItem\",\"position\":1,\"name\":\"Home\",\"item\":\"https:\/\/palconews.com\/\"},{\"@type\":\"ListItem\",\"position\":2,\"name\":\"Primeira Mulher a Se Formar em Intelig\u00eancia Artificial no Brasil \u00e9 da UFG\"}]},{\"@type\":\"WebSite\",\"@id\":\"https:\/\/palconews.com\/#website\",\"url\":\"https:\/\/palconews.com\/\",\"name\":\"Palco News\",\"description\":\"Aqui a not\u00edcia se apresenta\",\"publisher\":{\"@id\":\"https:\/\/palconews.com\/#organization\"},\"potentialAction\":[{\"@type\":\"SearchAction\",\"target\":{\"@type\":\"EntryPoint\",\"urlTemplate\":\"https:\/\/palconews.com\/?s={search_term_string}\"},\"query-input\":\"required name=search_term_string\"}],\"inLanguage\":\"pt-BR\"},{\"@type\":\"Organization\",\"@id\":\"https:\/\/palconews.com\/#organization\",\"name\":\"Palco News\",\"url\":\"https:\/\/palconews.com\/\",\"logo\":{\"@type\":\"ImageObject\",\"inLanguage\":\"pt-BR\",\"@id\":\"https:\/\/palconews.com\/#\/schema\/logo\/image\/\",\"url\":\"https:\/\/palconews.com\/wp-content\/uploads\/2024\/04\/cropped-LogoPalco.png\",\"contentUrl\":\"https:\/\/palconews.com\/wp-content\/uploads\/2024\/04\/cropped-LogoPalco.png\",\"width\":910,\"height\":749,\"caption\":\"Palco News\"},\"image\":{\"@id\":\"https:\/\/palconews.com\/#\/schema\/logo\/image\/\"}},{\"@type\":\"Person\",\"@id\":\"https:\/\/palconews.com\/#\/schema\/person\/3b004c18b2c7e435fc7fb435a236bce3\",\"name\":\"palconews.com\",\"image\":{\"@type\":\"ImageObject\",\"inLanguage\":\"pt-BR\",\"@id\":\"https:\/\/palconews.com\/#\/schema\/person\/image\/\",\"url\":\"https:\/\/palconews.com\/wp-content\/litespeed\/avatar\/656484b85623c413704b61bc704a9b20.jpg?ver=1777328657\",\"contentUrl\":\"https:\/\/palconews.com\/wp-content\/litespeed\/avatar\/656484b85623c413704b61bc704a9b20.jpg?ver=1777328657\",\"caption\":\"palconews.com\"},\"sameAs\":[\"https:\/\/palconews.com\"],\"url\":\"https:\/\/palconews.com\/index.php\/author\/khaki-sardine-944452-hostingersite-com\/\"}]}<\/script>\n<!-- \/ Yoast SEO plugin. -->","yoast_head_json":{"title":"Primeira Mulher a Se Formar em Intelig\u00eancia Artificial no Brasil \u00e9 da UFG - Palco News","robots":{"index":"index","follow":"follow","max-snippet":"max-snippet:-1","max-image-preview":"max-image-preview:large","max-video-preview":"max-video-preview:-1"},"canonical":"https:\/\/palconews.com\/index.php\/2024\/03\/26\/primeira-mulher-a-se-formar-em-inteligencia-artificial-no-brasil-e-da-ufg\/","og_locale":"pt_BR","og_type":"article","og_title":"Primeira Mulher a Se Formar em Intelig\u00eancia Artificial no Brasil \u00e9 da UFG - Palco News","og_description":"Pioneirismo em IA: Aluna da UFG Quebra Barreiras e Se Torna a Primeira Mulher Graduada na \u00c1rea no Brasil Em [&hellip;]","og_url":"https:\/\/palconews.com\/index.php\/2024\/03\/26\/primeira-mulher-a-se-formar-em-inteligencia-artificial-no-brasil-e-da-ufg\/","og_site_name":"Palco News","article_published_time":"2024-03-26T21:57:29+00:00","article_modified_time":"2024-04-10T21:51:56+00:00","og_image":[{"width":284,"height":178,"url":"https:\/\/palconews.com\/wp-content\/uploads\/2024\/03\/download-6.jpeg","type":"image\/jpeg"}],"author":"palconews.com","twitter_card":"summary_large_image","twitter_misc":{"Escrito por":"palconews.com","Est. tempo de leitura":"3 minutos"},"schema":{"@context":"https:\/\/schema.org","@graph":[{"@type":"Article","@id":"https:\/\/palconews.com\/index.php\/2024\/03\/26\/primeira-mulher-a-se-formar-em-inteligencia-artificial-no-brasil-e-da-ufg\/#article","isPartOf":{"@id":"https:\/\/palconews.com\/index.php\/2024\/03\/26\/primeira-mulher-a-se-formar-em-inteligencia-artificial-no-brasil-e-da-ufg\/"},"author":{"name":"palconews.com","@id":"https:\/\/palconews.com\/#\/schema\/person\/3b004c18b2c7e435fc7fb435a236bce3"},"headline":"Primeira Mulher a Se Formar em Intelig\u00eancia Artificial no Brasil \u00e9 da UFG","datePublished":"2024-03-26T21:57:29+00:00","dateModified":"2024-04-10T21:51:56+00:00","mainEntityOfPage":{"@id":"https:\/\/palconews.com\/index.php\/2024\/03\/26\/primeira-mulher-a-se-formar-em-inteligencia-artificial-no-brasil-e-da-ufg\/"},"wordCount":507,"commentCount":0,"publisher":{"@id":"https:\/\/palconews.com\/#organization"},"image":{"@id":"https:\/\/palconews.com\/index.php\/2024\/03\/26\/primeira-mulher-a-se-formar-em-inteligencia-artificial-no-brasil-e-da-ufg\/#primaryimage"},"thumbnailUrl":"https:\/\/palconews.com\/wp-content\/uploads\/2024\/03\/download-6.jpeg","articleSection":["Blog"],"inLanguage":"pt-BR","potentialAction":[{"@type":"CommentAction","name":"Comment","target":["https:\/\/palconews.com\/index.php\/2024\/03\/26\/primeira-mulher-a-se-formar-em-inteligencia-artificial-no-brasil-e-da-ufg\/#respond"]}]},{"@type":"WebPage","@id":"https:\/\/palconews.com\/index.php\/2024\/03\/26\/primeira-mulher-a-se-formar-em-inteligencia-artificial-no-brasil-e-da-ufg\/","url":"https:\/\/palconews.com\/index.php\/2024\/03\/26\/primeira-mulher-a-se-formar-em-inteligencia-artificial-no-brasil-e-da-ufg\/","name":"Primeira Mulher a Se Formar em Intelig\u00eancia Artificial no Brasil \u00e9 da UFG - Palco News","isPartOf":{"@id":"https:\/\/palconews.com\/#website"},"primaryImageOfPage":{"@id":"https:\/\/palconews.com\/index.php\/2024\/03\/26\/primeira-mulher-a-se-formar-em-inteligencia-artificial-no-brasil-e-da-ufg\/#primaryimage"},"image":{"@id":"https:\/\/palconews.com\/index.php\/2024\/03\/26\/primeira-mulher-a-se-formar-em-inteligencia-artificial-no-brasil-e-da-ufg\/#primaryimage"},"thumbnailUrl":"https:\/\/palconews.com\/wp-content\/uploads\/2024\/03\/download-6.jpeg","datePublished":"2024-03-26T21:57:29+00:00","dateModified":"2024-04-10T21:51:56+00:00","breadcrumb":{"@id":"https:\/\/palconews.com\/index.php\/2024\/03\/26\/primeira-mulher-a-se-formar-em-inteligencia-artificial-no-brasil-e-da-ufg\/#breadcrumb"},"inLanguage":"pt-BR","potentialAction":[{"@type":"ReadAction","target":["https:\/\/palconews.com\/index.php\/2024\/03\/26\/primeira-mulher-a-se-formar-em-inteligencia-artificial-no-brasil-e-da-ufg\/"]}]},{"@type":"ImageObject","inLanguage":"pt-BR","@id":"https:\/\/palconews.com\/index.php\/2024\/03\/26\/primeira-mulher-a-se-formar-em-inteligencia-artificial-no-brasil-e-da-ufg\/#primaryimage","url":"https:\/\/palconews.com\/wp-content\/uploads\/2024\/03\/download-6.jpeg","contentUrl":"https:\/\/palconews.com\/wp-content\/uploads\/2024\/03\/download-6.jpeg","width":284,"height":178},{"@type":"BreadcrumbList","@id":"https:\/\/palconews.com\/index.php\/2024\/03\/26\/primeira-mulher-a-se-formar-em-inteligencia-artificial-no-brasil-e-da-ufg\/#breadcrumb","itemListElement":[{"@type":"ListItem","position":1,"name":"Home","item":"https:\/\/palconews.com\/"},{"@type":"ListItem","position":2,"name":"Primeira Mulher a Se Formar em Intelig\u00eancia Artificial no Brasil \u00e9 da UFG"}]},{"@type":"WebSite","@id":"https:\/\/palconews.com\/#website","url":"https:\/\/palconews.com\/","name":"Palco News","description":"Aqui a not\u00edcia se apresenta","publisher":{"@id":"https:\/\/palconews.com\/#organization"},"potentialAction":[{"@type":"SearchAction","target":{"@type":"EntryPoint","urlTemplate":"https:\/\/palconews.com\/?s={search_term_string}"},"query-input":"required name=search_term_string"}],"inLanguage":"pt-BR"},{"@type":"Organization","@id":"https:\/\/palconews.com\/#organization","name":"Palco News","url":"https:\/\/palconews.com\/","logo":{"@type":"ImageObject","inLanguage":"pt-BR","@id":"https:\/\/palconews.com\/#\/schema\/logo\/image\/","url":"https:\/\/palconews.com\/wp-content\/uploads\/2024\/04\/cropped-LogoPalco.png","contentUrl":"https:\/\/palconews.com\/wp-content\/uploads\/2024\/04\/cropped-LogoPalco.png","width":910,"height":749,"caption":"Palco News"},"image":{"@id":"https:\/\/palconews.com\/#\/schema\/logo\/image\/"}},{"@type":"Person","@id":"https:\/\/palconews.com\/#\/schema\/person\/3b004c18b2c7e435fc7fb435a236bce3","name":"palconews.com","image":{"@type":"ImageObject","inLanguage":"pt-BR","@id":"https:\/\/palconews.com\/#\/schema\/person\/image\/","url":"https:\/\/palconews.com\/wp-content\/litespeed\/avatar\/656484b85623c413704b61bc704a9b20.jpg?ver=1777328657","contentUrl":"https:\/\/palconews.com\/wp-content\/litespeed\/avatar\/656484b85623c413704b61bc704a9b20.jpg?ver=1777328657","caption":"palconews.com"},"sameAs":["https:\/\/palconews.com"],"url":"https:\/\/palconews.com\/index.php\/author\/khaki-sardine-944452-hostingersite-com\/"}]}},"jetpack_featured_media_url":"https:\/\/palconews.com\/wp-content\/uploads\/2024\/03\/download-6.jpeg","_links":{"self":[{"href":"https:\/\/palconews.com\/index.php\/wp-json\/wp\/v2\/posts\/22"}],"collection":[{"href":"https:\/\/palconews.com\/index.php\/wp-json\/wp\/v2\/posts"}],"about":[{"href":"https:\/\/palconews.com\/index.php\/wp-json\/wp\/v2\/types\/post"}],"author":[{"embeddable":true,"href":"https:\/\/palconews.com\/index.php\/wp-json\/wp\/v2\/users\/1"}],"replies":[{"embeddable":true,"href":"https:\/\/palconews.com\/index.php\/wp-json\/wp\/v2\/comments?post=22"}],"version-history":[{"count":2,"href":"https:\/\/palconews.com\/index.php\/wp-json\/wp\/v2\/posts\/22\/revisions"}],"predecessor-version":[{"id":162,"href":"https:\/\/palconews.com\/index.php\/wp-json\/wp\/v2\/posts\/22\/revisions\/162"}],"wp:featuredmedia":[{"embeddable":true,"href":"https:\/\/palconews.com\/index.php\/wp-json\/wp\/v2\/media\/24"}],"wp:attachment":[{"href":"https:\/\/palconews.com\/index.php\/wp-json\/wp\/v2\/media?parent=22"}],"wp:term":[{"taxonomy":"category","embeddable":true,"href":"https:\/\/palconews.com\/index.php\/wp-json\/wp\/v2\/categories?post=22"},{"taxonomy":"post_tag","embeddable":true,"href":"https:\/\/palconews.com\/index.php\/wp-json\/wp\/v2\/tags?post=22"}],"curies":[{"name":"wp","href":"https:\/\/api.w.org\/{rel}","templated":true}]}}