{"id":18,"date":"2024-03-26T18:54:19","date_gmt":"2024-03-26T21:54:19","guid":{"rendered":"https:\/\/palconews.com\/?p=18"},"modified":"2024-04-10T18:52:14","modified_gmt":"2024-04-10T21:52:14","slug":"gigantes-da-tecnologia-na-mira-da-ue-por-potenciais-violacoes-regulatorias","status":"publish","type":"post","link":"https:\/\/palconews.com\/index.php\/2024\/03\/26\/gigantes-da-tecnologia-na-mira-da-ue-por-potenciais-violacoes-regulatorias\/","title":{"rendered":"Gigantes da Tecnologia na mira da UE por Potenciais Viola\u00e7\u00f5es Regulat\u00f3rias"},"content":{"rendered":"\n<p><strong>Uni\u00e3o Europeia Inicia Investiga\u00e7\u00e3o Contra Apple, Google e Meta por Descumprimento da Lei de Mercados Digitais<\/strong><\/p>\n\n\n\n<figure class=\"wp-block-image size-large\"><img loading=\"lazy\" decoding=\"async\" width=\"1024\" height=\"614\" src=\"https:\/\/palconews.com\/wp-content\/uploads\/2024\/03\/Foto_Logo_Bigtechs-1024x614.png\" alt=\"\" class=\"wp-image-20\" srcset=\"https:\/\/palconews.com\/wp-content\/uploads\/2024\/03\/Foto_Logo_Bigtechs-1024x614.png 1024w, https:\/\/palconews.com\/wp-content\/uploads\/2024\/03\/Foto_Logo_Bigtechs-300x180.png 300w, https:\/\/palconews.com\/wp-content\/uploads\/2024\/03\/Foto_Logo_Bigtechs-768x461.png 768w, https:\/\/palconews.com\/wp-content\/uploads\/2024\/03\/Foto_Logo_Bigtechs.png 1200w\" sizes=\"(max-width: 1024px) 100vw, 1024px\" \/><\/figure>\n\n\n\n<p>As autoridades da Uni\u00e3o Europeia (UE) lan\u00e7aram uma ofensiva regulat\u00f3ria contra algumas das maiores empresas de tecnologia do mundo, incluindo Apple, Google e Meta, devido a suspeitas de que estas n\u00e3o est\u00e3o em conformidade com as novas regras estabelecidas pela Lei de Mercados Digitais. Essa legisla\u00e7\u00e3o, que visa promover a concorr\u00eancia justa e proteger os consumidores no espa\u00e7o digital, poderia impor severas penalidades financeiras \u00e0s empresas que descumprirem suas diretrizes. Confira os pontos chave desta investiga\u00e7\u00e3o regulat\u00f3ria:<\/p>\n\n\n\n<h3 class=\"wp-block-heading\">Fundamento das Investiga\u00e7\u00f5es<\/h3>\n\n\n\n<ul>\n<li><strong>Lei de Mercados Digitais:<\/strong> Implementada em 7 de mar\u00e7o, esta nova legisla\u00e7\u00e3o da UE visa assegurar uma competi\u00e7\u00e3o leal e aberta no setor digital, impondo restri\u00e7\u00f5es espec\u00edficas a grandes corpora\u00e7\u00f5es tecnol\u00f3gicas para evitar pr\u00e1ticas monopolistas.<\/li>\n\n\n\n<li><strong>Foco nas Grandes Techs:<\/strong> Apple, Google e Meta est\u00e3o entre as seis principais empresas de tecnologia cujas opera\u00e7\u00f5es est\u00e3o sendo examinadas sob a suspeita de que as pr\u00e1ticas atuais possam estar violando os princ\u00edpios da lei.<\/li>\n<\/ul>\n\n\n\n<h3 class=\"wp-block-heading\">Potenciais Viola\u00e7\u00f5es e Consequ\u00eancias<\/h3>\n\n\n\n<ul>\n<li><strong>\u00c1reas de Investiga\u00e7\u00e3o:<\/strong> Entre os focos de aten\u00e7\u00e3o est\u00e3o as pol\u00edticas de autoprefer\u00eancia do Google Search, as taxas e restri\u00e7\u00f5es impostas pela Apple na App Store e o modelo de &#8220;pagamento ou consentimento&#8221; empregado pela Meta.<\/li>\n\n\n\n<li><strong>Riscos Financeiros:<\/strong> Caso sejam constatadas viola\u00e7\u00f5es, as empresas podem enfrentar multas que chegam a at\u00e9 10% do seu faturamento anual global, uma penalidade substancial que sublinha a seriedade com que a UE est\u00e1 abordando essas quest\u00f5es.<\/li>\n<\/ul>\n\n\n\n<h3 class=\"wp-block-heading\">Respostas das Empresas<\/h3>\n\n\n\n<ul>\n<li><strong>Posicionamento das Corpora\u00e7\u00f5es:<\/strong> Enquanto a Meta se comprometeu a esfor\u00e7ar-se para atender \u00e0s exig\u00eancias da lei, tanto o Google quanto a Apple expressaram confian\u00e7a em suas atuais pol\u00edticas, embora reconhe\u00e7am a necessidade de fazer ajustes em resposta \u00e0s demandas regulat\u00f3rias.<\/li>\n<\/ul>\n\n\n\n<h3 class=\"wp-block-heading\">Implica\u00e7\u00f5es e Expectativas<\/h3>\n\n\n\n<ul>\n<li><strong>Pressa na Aplica\u00e7\u00e3o da Lei:<\/strong> Thierry Breton, chefe do setor de tecnologia da UE, enfatizou que a r\u00e1pida a\u00e7\u00e3o n\u00e3o deve ser vista como surpresa, reiterando que a conformidade com a lei n\u00e3o \u00e9 negoci\u00e1vel e que a UE est\u00e1 determinada a assegurar sua plena implementa\u00e7\u00e3o.<\/li>\n\n\n\n<li><strong>O Caminho \u00e0 Frente:<\/strong> Com as investiga\u00e7\u00f5es em andamento, o setor tecnol\u00f3gico global aguarda com antecipa\u00e7\u00e3o os resultados, que poder\u00e3o definir novos precedentes na regulamenta\u00e7\u00e3o da atua\u00e7\u00e3o de gigantes da tecnologia no mercado europeu.<\/li>\n<\/ul>\n\n\n\n<p>Esta nova fase de escrut\u00ednio regulat\u00f3rio da UE contra as grandes tecnologias marca um momento cr\u00edtico tanto para as empresas envolvidas quanto para o futuro da governan\u00e7a digital, podendo ter repercuss\u00f5es significativas em como os servi\u00e7os digitais s\u00e3o oferecidos e consumidos globalmente.<\/p>\n","protected":false},"excerpt":{"rendered":"<p>Uni\u00e3o Europeia Inicia Investiga\u00e7\u00e3o Contra Apple, Google e Meta por Descumprimento da Lei de Mercados Digitais As autoridades da Uni\u00e3o [&hellip;]<\/p>\n","protected":false},"author":1,"featured_media":20,"comment_status":"open","ping_status":"open","sticky":false,"template":"","format":"standard","meta":{"_uf_show_specific_survey":0,"_uf_disable_surveys":false,"site-sidebar-layout":"default","site-content-layout":"","ast-site-content-layout":"","site-content-style":"default","site-sidebar-style":"default","ast-global-header-display":"","ast-banner-title-visibility":"","ast-main-header-display":"","ast-hfb-above-header-display":"","ast-hfb-below-header-display":"","ast-hfb-mobile-header-display":"","site-post-title":"","ast-breadcrumbs-content":"","ast-featured-img":"","footer-sml-layout":"","theme-transparent-header-meta":"","adv-header-id-meta":"","stick-header-meta":"","header-above-stick-meta":"","header-main-stick-meta":"","header-below-stick-meta":"","astra-migrate-meta-layouts":"default","ast-page-background-enabled":"default","ast-page-background-meta":{"desktop":{"background-color":"var(--ast-global-color-4)","background-image":"","background-repeat":"repeat","background-position":"center center","background-size":"auto","background-attachment":"scroll","background-type":"","background-media":"","overlay-type":"","overlay-color":"","overlay-gradient":""},"tablet":{"background-color":"","background-image":"","background-repeat":"repeat","background-position":"center center","background-size":"auto","background-attachment":"scroll","background-type":"","background-media":"","overlay-type":"","overlay-color":"","overlay-gradient":""},"mobile":{"background-color":"","background-image":"","background-repeat":"repeat","background-position":"center center","background-size":"auto","background-attachment":"scroll","background-type":"","background-media":"","overlay-type":"","overlay-color":"","overlay-gradient":""}},"ast-content-background-meta":{"desktop":{"background-color":"var(--ast-global-color-5)","background-image":"","background-repeat":"repeat","background-position":"center center","background-size":"auto","background-attachment":"scroll","background-type":"","background-media":"","overlay-type":"","overlay-color":"","overlay-gradient":""},"tablet":{"background-color":"var(--ast-global-color-5)","background-image":"","background-repeat":"repeat","background-position":"center center","background-size":"auto","background-attachment":"scroll","background-type":"","background-media":"","overlay-type":"","overlay-color":"","overlay-gradient":""},"mobile":{"background-color":"var(--ast-global-color-5)","background-image":"","background-repeat":"repeat","background-position":"center center","background-size":"auto","background-attachment":"scroll","background-type":"","background-media":"","overlay-type":"","overlay-color":"","overlay-gradient":""}},"footnotes":""},"categories":[1],"tags":[],"yoast_head":"<!-- This site is optimized with the Yoast SEO plugin v22.4 - https:\/\/yoast.com\/wordpress\/plugins\/seo\/ -->\n<title>Gigantes da Tecnologia na mira da UE por Potenciais Viola\u00e7\u00f5es Regulat\u00f3rias - Palco News<\/title>\n<meta name=\"robots\" content=\"index, follow, max-snippet:-1, max-image-preview:large, max-video-preview:-1\" \/>\n<link rel=\"canonical\" href=\"https:\/\/palconews.com\/index.php\/2024\/03\/26\/gigantes-da-tecnologia-na-mira-da-ue-por-potenciais-violacoes-regulatorias\/\" \/>\n<meta property=\"og:locale\" content=\"pt_BR\" \/>\n<meta property=\"og:type\" content=\"article\" \/>\n<meta property=\"og:title\" content=\"Gigantes da Tecnologia na mira da UE por Potenciais Viola\u00e7\u00f5es Regulat\u00f3rias - Palco News\" \/>\n<meta property=\"og:description\" content=\"Uni\u00e3o Europeia Inicia Investiga\u00e7\u00e3o Contra Apple, Google e Meta por Descumprimento da Lei de Mercados Digitais As autoridades da Uni\u00e3o [&hellip;]\" \/>\n<meta property=\"og:url\" content=\"https:\/\/palconews.com\/index.php\/2024\/03\/26\/gigantes-da-tecnologia-na-mira-da-ue-por-potenciais-violacoes-regulatorias\/\" \/>\n<meta property=\"og:site_name\" content=\"Palco News\" \/>\n<meta property=\"article:published_time\" content=\"2024-03-26T21:54:19+00:00\" \/>\n<meta property=\"article:modified_time\" content=\"2024-04-10T21:52:14+00:00\" \/>\n<meta property=\"og:image\" content=\"https:\/\/palconews.com\/wp-content\/uploads\/2024\/03\/Foto_Logo_Bigtechs.png\" \/>\n\t<meta property=\"og:image:width\" content=\"1200\" \/>\n\t<meta property=\"og:image:height\" content=\"720\" \/>\n\t<meta property=\"og:image:type\" content=\"image\/png\" \/>\n<meta name=\"author\" content=\"palconews.com\" \/>\n<meta name=\"twitter:card\" content=\"summary_large_image\" \/>\n<meta name=\"twitter:label1\" content=\"Escrito por\" \/>\n\t<meta name=\"twitter:data1\" content=\"palconews.com\" \/>\n\t<meta name=\"twitter:label2\" content=\"Est. tempo de leitura\" \/>\n\t<meta name=\"twitter:data2\" content=\"3 minutos\" \/>\n<script type=\"application\/ld+json\" class=\"yoast-schema-graph\">{\"@context\":\"https:\/\/schema.org\",\"@graph\":[{\"@type\":\"Article\",\"@id\":\"https:\/\/palconews.com\/index.php\/2024\/03\/26\/gigantes-da-tecnologia-na-mira-da-ue-por-potenciais-violacoes-regulatorias\/#article\",\"isPartOf\":{\"@id\":\"https:\/\/palconews.com\/index.php\/2024\/03\/26\/gigantes-da-tecnologia-na-mira-da-ue-por-potenciais-violacoes-regulatorias\/\"},\"author\":{\"name\":\"palconews.com\",\"@id\":\"https:\/\/palconews.com\/#\/schema\/person\/3b004c18b2c7e435fc7fb435a236bce3\"},\"headline\":\"Gigantes da Tecnologia na mira da UE por Potenciais Viola\u00e7\u00f5es Regulat\u00f3rias\",\"datePublished\":\"2024-03-26T21:54:19+00:00\",\"dateModified\":\"2024-04-10T21:52:14+00:00\",\"mainEntityOfPage\":{\"@id\":\"https:\/\/palconews.com\/index.php\/2024\/03\/26\/gigantes-da-tecnologia-na-mira-da-ue-por-potenciais-violacoes-regulatorias\/\"},\"wordCount\":484,\"commentCount\":0,\"publisher\":{\"@id\":\"https:\/\/palconews.com\/#organization\"},\"image\":{\"@id\":\"https:\/\/palconews.com\/index.php\/2024\/03\/26\/gigantes-da-tecnologia-na-mira-da-ue-por-potenciais-violacoes-regulatorias\/#primaryimage\"},\"thumbnailUrl\":\"https:\/\/palconews.com\/wp-content\/uploads\/2024\/03\/Foto_Logo_Bigtechs.png\",\"articleSection\":[\"Blog\"],\"inLanguage\":\"pt-BR\",\"potentialAction\":[{\"@type\":\"CommentAction\",\"name\":\"Comment\",\"target\":[\"https:\/\/palconews.com\/index.php\/2024\/03\/26\/gigantes-da-tecnologia-na-mira-da-ue-por-potenciais-violacoes-regulatorias\/#respond\"]}]},{\"@type\":\"WebPage\",\"@id\":\"https:\/\/palconews.com\/index.php\/2024\/03\/26\/gigantes-da-tecnologia-na-mira-da-ue-por-potenciais-violacoes-regulatorias\/\",\"url\":\"https:\/\/palconews.com\/index.php\/2024\/03\/26\/gigantes-da-tecnologia-na-mira-da-ue-por-potenciais-violacoes-regulatorias\/\",\"name\":\"Gigantes da Tecnologia na mira da UE por Potenciais Viola\u00e7\u00f5es Regulat\u00f3rias - Palco News\",\"isPartOf\":{\"@id\":\"https:\/\/palconews.com\/#website\"},\"primaryImageOfPage\":{\"@id\":\"https:\/\/palconews.com\/index.php\/2024\/03\/26\/gigantes-da-tecnologia-na-mira-da-ue-por-potenciais-violacoes-regulatorias\/#primaryimage\"},\"image\":{\"@id\":\"https:\/\/palconews.com\/index.php\/2024\/03\/26\/gigantes-da-tecnologia-na-mira-da-ue-por-potenciais-violacoes-regulatorias\/#primaryimage\"},\"thumbnailUrl\":\"https:\/\/palconews.com\/wp-content\/uploads\/2024\/03\/Foto_Logo_Bigtechs.png\",\"datePublished\":\"2024-03-26T21:54:19+00:00\",\"dateModified\":\"2024-04-10T21:52:14+00:00\",\"breadcrumb\":{\"@id\":\"https:\/\/palconews.com\/index.php\/2024\/03\/26\/gigantes-da-tecnologia-na-mira-da-ue-por-potenciais-violacoes-regulatorias\/#breadcrumb\"},\"inLanguage\":\"pt-BR\",\"potentialAction\":[{\"@type\":\"ReadAction\",\"target\":[\"https:\/\/palconews.com\/index.php\/2024\/03\/26\/gigantes-da-tecnologia-na-mira-da-ue-por-potenciais-violacoes-regulatorias\/\"]}]},{\"@type\":\"ImageObject\",\"inLanguage\":\"pt-BR\",\"@id\":\"https:\/\/palconews.com\/index.php\/2024\/03\/26\/gigantes-da-tecnologia-na-mira-da-ue-por-potenciais-violacoes-regulatorias\/#primaryimage\",\"url\":\"https:\/\/palconews.com\/wp-content\/uploads\/2024\/03\/Foto_Logo_Bigtechs.png\",\"contentUrl\":\"https:\/\/palconews.com\/wp-content\/uploads\/2024\/03\/Foto_Logo_Bigtechs.png\",\"width\":1200,\"height\":720},{\"@type\":\"BreadcrumbList\",\"@id\":\"https:\/\/palconews.com\/index.php\/2024\/03\/26\/gigantes-da-tecnologia-na-mira-da-ue-por-potenciais-violacoes-regulatorias\/#breadcrumb\",\"itemListElement\":[{\"@type\":\"ListItem\",\"position\":1,\"name\":\"Home\",\"item\":\"https:\/\/palconews.com\/\"},{\"@type\":\"ListItem\",\"position\":2,\"name\":\"Gigantes da Tecnologia na mira da UE por Potenciais Viola\u00e7\u00f5es Regulat\u00f3rias\"}]},{\"@type\":\"WebSite\",\"@id\":\"https:\/\/palconews.com\/#website\",\"url\":\"https:\/\/palconews.com\/\",\"name\":\"Palco News\",\"description\":\"Aqui a not\u00edcia se apresenta\",\"publisher\":{\"@id\":\"https:\/\/palconews.com\/#organization\"},\"potentialAction\":[{\"@type\":\"SearchAction\",\"target\":{\"@type\":\"EntryPoint\",\"urlTemplate\":\"https:\/\/palconews.com\/?s={search_term_string}\"},\"query-input\":\"required name=search_term_string\"}],\"inLanguage\":\"pt-BR\"},{\"@type\":\"Organization\",\"@id\":\"https:\/\/palconews.com\/#organization\",\"name\":\"Palco News\",\"url\":\"https:\/\/palconews.com\/\",\"logo\":{\"@type\":\"ImageObject\",\"inLanguage\":\"pt-BR\",\"@id\":\"https:\/\/palconews.com\/#\/schema\/logo\/image\/\",\"url\":\"https:\/\/palconews.com\/wp-content\/uploads\/2024\/04\/cropped-LogoPalco.png\",\"contentUrl\":\"https:\/\/palconews.com\/wp-content\/uploads\/2024\/04\/cropped-LogoPalco.png\",\"width\":910,\"height\":749,\"caption\":\"Palco News\"},\"image\":{\"@id\":\"https:\/\/palconews.com\/#\/schema\/logo\/image\/\"}},{\"@type\":\"Person\",\"@id\":\"https:\/\/palconews.com\/#\/schema\/person\/3b004c18b2c7e435fc7fb435a236bce3\",\"name\":\"palconews.com\",\"image\":{\"@type\":\"ImageObject\",\"inLanguage\":\"pt-BR\",\"@id\":\"https:\/\/palconews.com\/#\/schema\/person\/image\/\",\"url\":\"https:\/\/palconews.com\/wp-content\/litespeed\/avatar\/656484b85623c413704b61bc704a9b20.jpg?ver=1777328657\",\"contentUrl\":\"https:\/\/palconews.com\/wp-content\/litespeed\/avatar\/656484b85623c413704b61bc704a9b20.jpg?ver=1777328657\",\"caption\":\"palconews.com\"},\"sameAs\":[\"https:\/\/palconews.com\"],\"url\":\"https:\/\/palconews.com\/index.php\/author\/khaki-sardine-944452-hostingersite-com\/\"}]}<\/script>\n<!-- \/ Yoast SEO plugin. -->","yoast_head_json":{"title":"Gigantes da Tecnologia na mira da UE por Potenciais Viola\u00e7\u00f5es Regulat\u00f3rias - Palco News","robots":{"index":"index","follow":"follow","max-snippet":"max-snippet:-1","max-image-preview":"max-image-preview:large","max-video-preview":"max-video-preview:-1"},"canonical":"https:\/\/palconews.com\/index.php\/2024\/03\/26\/gigantes-da-tecnologia-na-mira-da-ue-por-potenciais-violacoes-regulatorias\/","og_locale":"pt_BR","og_type":"article","og_title":"Gigantes da Tecnologia na mira da UE por Potenciais Viola\u00e7\u00f5es Regulat\u00f3rias - Palco News","og_description":"Uni\u00e3o Europeia Inicia Investiga\u00e7\u00e3o Contra Apple, Google e Meta por Descumprimento da Lei de Mercados Digitais As autoridades da Uni\u00e3o [&hellip;]","og_url":"https:\/\/palconews.com\/index.php\/2024\/03\/26\/gigantes-da-tecnologia-na-mira-da-ue-por-potenciais-violacoes-regulatorias\/","og_site_name":"Palco News","article_published_time":"2024-03-26T21:54:19+00:00","article_modified_time":"2024-04-10T21:52:14+00:00","og_image":[{"width":1200,"height":720,"url":"https:\/\/palconews.com\/wp-content\/uploads\/2024\/03\/Foto_Logo_Bigtechs.png","type":"image\/png"}],"author":"palconews.com","twitter_card":"summary_large_image","twitter_misc":{"Escrito por":"palconews.com","Est. tempo de leitura":"3 minutos"},"schema":{"@context":"https:\/\/schema.org","@graph":[{"@type":"Article","@id":"https:\/\/palconews.com\/index.php\/2024\/03\/26\/gigantes-da-tecnologia-na-mira-da-ue-por-potenciais-violacoes-regulatorias\/#article","isPartOf":{"@id":"https:\/\/palconews.com\/index.php\/2024\/03\/26\/gigantes-da-tecnologia-na-mira-da-ue-por-potenciais-violacoes-regulatorias\/"},"author":{"name":"palconews.com","@id":"https:\/\/palconews.com\/#\/schema\/person\/3b004c18b2c7e435fc7fb435a236bce3"},"headline":"Gigantes da Tecnologia na mira da UE por Potenciais Viola\u00e7\u00f5es Regulat\u00f3rias","datePublished":"2024-03-26T21:54:19+00:00","dateModified":"2024-04-10T21:52:14+00:00","mainEntityOfPage":{"@id":"https:\/\/palconews.com\/index.php\/2024\/03\/26\/gigantes-da-tecnologia-na-mira-da-ue-por-potenciais-violacoes-regulatorias\/"},"wordCount":484,"commentCount":0,"publisher":{"@id":"https:\/\/palconews.com\/#organization"},"image":{"@id":"https:\/\/palconews.com\/index.php\/2024\/03\/26\/gigantes-da-tecnologia-na-mira-da-ue-por-potenciais-violacoes-regulatorias\/#primaryimage"},"thumbnailUrl":"https:\/\/palconews.com\/wp-content\/uploads\/2024\/03\/Foto_Logo_Bigtechs.png","articleSection":["Blog"],"inLanguage":"pt-BR","potentialAction":[{"@type":"CommentAction","name":"Comment","target":["https:\/\/palconews.com\/index.php\/2024\/03\/26\/gigantes-da-tecnologia-na-mira-da-ue-por-potenciais-violacoes-regulatorias\/#respond"]}]},{"@type":"WebPage","@id":"https:\/\/palconews.com\/index.php\/2024\/03\/26\/gigantes-da-tecnologia-na-mira-da-ue-por-potenciais-violacoes-regulatorias\/","url":"https:\/\/palconews.com\/index.php\/2024\/03\/26\/gigantes-da-tecnologia-na-mira-da-ue-por-potenciais-violacoes-regulatorias\/","name":"Gigantes da Tecnologia na mira da UE por Potenciais Viola\u00e7\u00f5es Regulat\u00f3rias - Palco News","isPartOf":{"@id":"https:\/\/palconews.com\/#website"},"primaryImageOfPage":{"@id":"https:\/\/palconews.com\/index.php\/2024\/03\/26\/gigantes-da-tecnologia-na-mira-da-ue-por-potenciais-violacoes-regulatorias\/#primaryimage"},"image":{"@id":"https:\/\/palconews.com\/index.php\/2024\/03\/26\/gigantes-da-tecnologia-na-mira-da-ue-por-potenciais-violacoes-regulatorias\/#primaryimage"},"thumbnailUrl":"https:\/\/palconews.com\/wp-content\/uploads\/2024\/03\/Foto_Logo_Bigtechs.png","datePublished":"2024-03-26T21:54:19+00:00","dateModified":"2024-04-10T21:52:14+00:00","breadcrumb":{"@id":"https:\/\/palconews.com\/index.php\/2024\/03\/26\/gigantes-da-tecnologia-na-mira-da-ue-por-potenciais-violacoes-regulatorias\/#breadcrumb"},"inLanguage":"pt-BR","potentialAction":[{"@type":"ReadAction","target":["https:\/\/palconews.com\/index.php\/2024\/03\/26\/gigantes-da-tecnologia-na-mira-da-ue-por-potenciais-violacoes-regulatorias\/"]}]},{"@type":"ImageObject","inLanguage":"pt-BR","@id":"https:\/\/palconews.com\/index.php\/2024\/03\/26\/gigantes-da-tecnologia-na-mira-da-ue-por-potenciais-violacoes-regulatorias\/#primaryimage","url":"https:\/\/palconews.com\/wp-content\/uploads\/2024\/03\/Foto_Logo_Bigtechs.png","contentUrl":"https:\/\/palconews.com\/wp-content\/uploads\/2024\/03\/Foto_Logo_Bigtechs.png","width":1200,"height":720},{"@type":"BreadcrumbList","@id":"https:\/\/palconews.com\/index.php\/2024\/03\/26\/gigantes-da-tecnologia-na-mira-da-ue-por-potenciais-violacoes-regulatorias\/#breadcrumb","itemListElement":[{"@type":"ListItem","position":1,"name":"Home","item":"https:\/\/palconews.com\/"},{"@type":"ListItem","position":2,"name":"Gigantes da Tecnologia na mira da UE por Potenciais Viola\u00e7\u00f5es Regulat\u00f3rias"}]},{"@type":"WebSite","@id":"https:\/\/palconews.com\/#website","url":"https:\/\/palconews.com\/","name":"Palco News","description":"Aqui a not\u00edcia se apresenta","publisher":{"@id":"https:\/\/palconews.com\/#organization"},"potentialAction":[{"@type":"SearchAction","target":{"@type":"EntryPoint","urlTemplate":"https:\/\/palconews.com\/?s={search_term_string}"},"query-input":"required name=search_term_string"}],"inLanguage":"pt-BR"},{"@type":"Organization","@id":"https:\/\/palconews.com\/#organization","name":"Palco News","url":"https:\/\/palconews.com\/","logo":{"@type":"ImageObject","inLanguage":"pt-BR","@id":"https:\/\/palconews.com\/#\/schema\/logo\/image\/","url":"https:\/\/palconews.com\/wp-content\/uploads\/2024\/04\/cropped-LogoPalco.png","contentUrl":"https:\/\/palconews.com\/wp-content\/uploads\/2024\/04\/cropped-LogoPalco.png","width":910,"height":749,"caption":"Palco News"},"image":{"@id":"https:\/\/palconews.com\/#\/schema\/logo\/image\/"}},{"@type":"Person","@id":"https:\/\/palconews.com\/#\/schema\/person\/3b004c18b2c7e435fc7fb435a236bce3","name":"palconews.com","image":{"@type":"ImageObject","inLanguage":"pt-BR","@id":"https:\/\/palconews.com\/#\/schema\/person\/image\/","url":"https:\/\/palconews.com\/wp-content\/litespeed\/avatar\/656484b85623c413704b61bc704a9b20.jpg?ver=1777328657","contentUrl":"https:\/\/palconews.com\/wp-content\/litespeed\/avatar\/656484b85623c413704b61bc704a9b20.jpg?ver=1777328657","caption":"palconews.com"},"sameAs":["https:\/\/palconews.com"],"url":"https:\/\/palconews.com\/index.php\/author\/khaki-sardine-944452-hostingersite-com\/"}]}},"jetpack_featured_media_url":"https:\/\/palconews.com\/wp-content\/uploads\/2024\/03\/Foto_Logo_Bigtechs.png","_links":{"self":[{"href":"https:\/\/palconews.com\/index.php\/wp-json\/wp\/v2\/posts\/18"}],"collection":[{"href":"https:\/\/palconews.com\/index.php\/wp-json\/wp\/v2\/posts"}],"about":[{"href":"https:\/\/palconews.com\/index.php\/wp-json\/wp\/v2\/types\/post"}],"author":[{"embeddable":true,"href":"https:\/\/palconews.com\/index.php\/wp-json\/wp\/v2\/users\/1"}],"replies":[{"embeddable":true,"href":"https:\/\/palconews.com\/index.php\/wp-json\/wp\/v2\/comments?post=18"}],"version-history":[{"count":2,"href":"https:\/\/palconews.com\/index.php\/wp-json\/wp\/v2\/posts\/18\/revisions"}],"predecessor-version":[{"id":163,"href":"https:\/\/palconews.com\/index.php\/wp-json\/wp\/v2\/posts\/18\/revisions\/163"}],"wp:featuredmedia":[{"embeddable":true,"href":"https:\/\/palconews.com\/index.php\/wp-json\/wp\/v2\/media\/20"}],"wp:attachment":[{"href":"https:\/\/palconews.com\/index.php\/wp-json\/wp\/v2\/media?parent=18"}],"wp:term":[{"taxonomy":"category","embeddable":true,"href":"https:\/\/palconews.com\/index.php\/wp-json\/wp\/v2\/categories?post=18"},{"taxonomy":"post_tag","embeddable":true,"href":"https:\/\/palconews.com\/index.php\/wp-json\/wp\/v2\/tags?post=18"}],"curies":[{"name":"wp","href":"https:\/\/api.w.org\/{rel}","templated":true}]}}